{"id":2419,"date":"2020-12-20T14:35:34","date_gmt":"2020-12-20T14:35:34","guid":{"rendered":"https:\/\/ioviaggioinmoto.com\/?p=2419"},"modified":"2021-08-09T09:20:34","modified_gmt":"2021-08-09T09:20:34","slug":"la-mia-tenda","status":"publish","type":"post","link":"https:\/\/ioviaggioinmoto.com\/index.php\/2020\/12\/20\/la-mia-tenda\/","title":{"rendered":"La mia tenda"},"content":{"rendered":"\n<p>La tenda \u00e8 l&#8217;elemento che mette la L maiuscola alla parola Libert\u00e0 quando si viaggia in moto. Ed \u00e8 per questo che ho voluto implementare l&#8217;uso della tenda nei miei viaggi in moto.<\/p>\n\n\n\n<figure class=\"wp-block-image size-large\"><img decoding=\"async\" src=\"data:image\/gif;base64,R0lGODlhAQABAIAAAAAAAP\/\/\/yH5BAEAAAAALAAAAAABAAEAAAIBRAA7\" data-src=\"https:\/\/ioviaggioinmoto.com\/wp-content\/uploads\/2020\/08\/IMG_20200725_185249-1024x768.jpg\" alt=\"\" class=\"wp-image-2423 lazyload\"\/><noscript><img fetchpriority=\"high\" decoding=\"async\" width=\"1024\" height=\"768\" src=\"https:\/\/ioviaggioinmoto.com\/wp-content\/uploads\/2020\/08\/IMG_20200725_185249-1024x768.jpg\" alt=\"\" class=\"wp-image-2423 lazyload\" srcset=\"https:\/\/ioviaggioinmoto.com\/wp-content\/uploads\/2020\/08\/IMG_20200725_185249-1024x768.jpg 1024w, https:\/\/ioviaggioinmoto.com\/wp-content\/uploads\/2020\/08\/IMG_20200725_185249-300x225.jpg 300w, https:\/\/ioviaggioinmoto.com\/wp-content\/uploads\/2020\/08\/IMG_20200725_185249-768x576.jpg 768w, https:\/\/ioviaggioinmoto.com\/wp-content\/uploads\/2020\/08\/IMG_20200725_185249-1536x1152.jpg 1536w, https:\/\/ioviaggioinmoto.com\/wp-content\/uploads\/2020\/08\/IMG_20200725_185249-2048x1536.jpg 2048w\" sizes=\"(max-width: 1024px) 100vw, 1024px\" \/><\/noscript><\/figure>\n\n\n\n<h2 class=\"wp-block-heading\">Quale tenda scegliere?<\/h2>\n\n\n\n<p>Domanda da un milione di dollari, quale tenda scegliere? Ne esitono di tantissimi tipi, ci sono aziende che ne fanno di specifiche per moto.  <\/p>\n\n\n\n<p>Ottime, le tende specifiche per motociclisti occupano tutte poco spazio, ma se viaggio in due? Per dormire ci si sta anche ma la mia attrezzatura, dove la metto? <\/p>\n\n\n\n<p>Dopo una lunga, e credetemi, lunga ricerca ho deciso di uscire fuori dagli schemi. Ho optato per la nuova tenda della Decathlon: la <strong>2 SECONDS EASY FRESH&amp;BLACK<\/strong>.<\/p>\n\n\n\n<p>Ha un unico difetto, l&#8217;ingombro. Rispetto a quelle specifiche da moto \u00e8 quasi due volte pi\u00f9 grande. Pazienza, sacrificare il bauletto (se si viaggia in due) sar\u00e0 necessario. Ma la bilancia gioca a suo favore per lo spazio di abitabilit\u00e0 interno dove abbiamo riposto e organizzato tutte le nostre cose.  Il comfort vuole la sua parte, e per una o due notti che la si utilizza non vedo perch\u00e9 rinunciarvi.<\/p>\n\n\n\n<figure class=\"wp-block-image size-large\"><img decoding=\"async\" src=\"data:image\/gif;base64,R0lGODlhAQABAIAAAAAAAP\/\/\/yH5BAEAAAAALAAAAAABAAEAAAIBRAA7\" data-src=\"https:\/\/ioviaggioinmoto.com\/wp-content\/uploads\/2020\/08\/IMG_20200725_134910-1024x768.jpg\" alt=\"\" class=\"wp-image-2425 lazyload\"\/><noscript><img decoding=\"async\" width=\"1024\" height=\"768\" src=\"https:\/\/ioviaggioinmoto.com\/wp-content\/uploads\/2020\/08\/IMG_20200725_134910-1024x768.jpg\" alt=\"\" class=\"wp-image-2425 lazyload\" srcset=\"https:\/\/ioviaggioinmoto.com\/wp-content\/uploads\/2020\/08\/IMG_20200725_134910-1024x768.jpg 1024w, https:\/\/ioviaggioinmoto.com\/wp-content\/uploads\/2020\/08\/IMG_20200725_134910-300x225.jpg 300w, https:\/\/ioviaggioinmoto.com\/wp-content\/uploads\/2020\/08\/IMG_20200725_134910-768x576.jpg 768w, https:\/\/ioviaggioinmoto.com\/wp-content\/uploads\/2020\/08\/IMG_20200725_134910-1536x1152.jpg 1536w, https:\/\/ioviaggioinmoto.com\/wp-content\/uploads\/2020\/08\/IMG_20200725_134910-2048x1536.jpg 2048w\" sizes=\"(max-width: 1024px) 100vw, 1024px\" \/><\/noscript><\/figure>\n\n\n\n<p>Ed \u00e8 comunque una 2 secondi, quindi rapidissima da montare. Ha un nuovo sistema ad ombrello, basta tirare la corda e in un attimo prende forma. Fantastico, credetemi!<\/p>\n\n\n\n<figure class=\"wp-block-image size-large\"><img decoding=\"async\" src=\"data:image\/gif;base64,R0lGODlhAQABAIAAAAAAAP\/\/\/yH5BAEAAAAALAAAAAABAAEAAAIBRAA7\" data-src=\"https:\/\/ioviaggioinmoto.com\/wp-content\/uploads\/2020\/08\/dec1.jpg\" alt=\"\" class=\"wp-image-2427 lazyload\"\/><noscript><img decoding=\"async\" width=\"1000\" height=\"1000\" src=\"https:\/\/ioviaggioinmoto.com\/wp-content\/uploads\/2020\/08\/dec1.jpg\" alt=\"\" class=\"wp-image-2427 lazyload\" srcset=\"https:\/\/ioviaggioinmoto.com\/wp-content\/uploads\/2020\/08\/dec1.jpg 1000w, https:\/\/ioviaggioinmoto.com\/wp-content\/uploads\/2020\/08\/dec1-300x300.jpg 300w, https:\/\/ioviaggioinmoto.com\/wp-content\/uploads\/2020\/08\/dec1-150x150.jpg 150w, https:\/\/ioviaggioinmoto.com\/wp-content\/uploads\/2020\/08\/dec1-768x768.jpg 768w\" sizes=\"(max-width: 1000px) 100vw, 1000px\" \/><\/noscript><figcaption>Fonte Decathlon<\/figcaption><\/figure>\n\n\n\n<p>Sempre facile disfare le cose, e risistemarle? Beh, non \u00e8 complicato, basta seguire le istruzioni all&#8217;interno della sacca e in pochi passaggi ci si ritrova con la tenda chiusa. Vi dico subito, sognatevi che ritorni come appena comprata. Lieviter\u00e0 leggermente e non avr\u00e0 una forma regolare. Secondo me sono fattori che si possono tralasciare e che non creano problemi nel trasporto.<\/p>\n\n\n\n<p>Come si dorme? Nulla \u00e8 equiparabile al letto di casa ma con un buon materassino e un sacco a pelo possiamo passare una buona nottata. Se ci piace dormire un po&#8217; di pi\u00f9 la mattina questa tenda ci aiuta molto, lo strato di tessuto permette di avere un&#8217;ottima oscurit\u00e0.<\/p>\n\n\n\n<p>Vi invito a cercare tutte le informazioni di misure e caratteristiche sul sito Decathlon. La mia non \u00e8 una recensione, vi riporto solo le mie impressioni su questo prodotto.<\/p>\n\n\n\n<p>Vorrei sentire anche la vostra opinione: meglio optare per una tenda specifica per motociclisti o ci si pu\u00f2 accontentare di una tenda pi\u00f9 economica? Lasciate un commento o raccontatemi la vostra esperienza.<\/p>\n","protected":false},"excerpt":{"rendered":"<p>La tenda \u00e8 l&#8217;elemento che mette la L maiuscola alla parola Libert\u00e0 quando si viaggia in moto. Ed \u00e8 per questo che ho voluto implementare l&#8217;uso della tenda nei miei [&hellip;]<\/p>\n","protected":false},"author":1,"featured_media":2423,"comment_status":"closed","ping_status":"open","sticky":false,"template":"","format":"standard","meta":{"_monsterinsights_skip_tracking":false,"_monsterinsights_sitenote_active":false,"_monsterinsights_sitenote_note":"","_monsterinsights_sitenote_category":0,"ocean_post_layout":"","ocean_both_sidebars_style":"","ocean_both_sidebars_content_width":0,"ocean_both_sidebars_sidebars_width":0,"ocean_sidebar":"0","ocean_second_sidebar":"0","ocean_disable_margins":"enable","ocean_add_body_class":"","ocean_shortcode_before_top_bar":"","ocean_shortcode_after_top_bar":"","ocean_shortcode_before_header":"","ocean_shortcode_after_header":"","ocean_has_shortcode":"","ocean_shortcode_after_title":"","ocean_shortcode_before_footer_widgets":"","ocean_shortcode_after_footer_widgets":"","ocean_shortcode_before_footer_bottom":"","ocean_shortcode_after_footer_bottom":"","ocean_display_top_bar":"default","ocean_display_header":"default","ocean_header_style":"","ocean_center_header_left_menu":"0","ocean_custom_header_template":"0","ocean_custom_logo":0,"ocean_custom_retina_logo":0,"ocean_custom_logo_max_width":0,"ocean_custom_logo_tablet_max_width":0,"ocean_custom_logo_mobile_max_width":0,"ocean_custom_logo_max_height":0,"ocean_custom_logo_tablet_max_height":0,"ocean_custom_logo_mobile_max_height":0,"ocean_header_custom_menu":"0","ocean_menu_typo_font_family":"0","ocean_menu_typo_font_subset":"","ocean_menu_typo_font_size":0,"ocean_menu_typo_font_size_tablet":0,"ocean_menu_typo_font_size_mobile":0,"ocean_menu_typo_font_size_unit":"px","ocean_menu_typo_font_weight":"","ocean_menu_typo_font_weight_tablet":"","ocean_menu_typo_font_weight_mobile":"","ocean_menu_typo_transform":"","ocean_menu_typo_transform_tablet":"","ocean_menu_typo_transform_mobile":"","ocean_menu_typo_line_height":0,"ocean_menu_typo_line_height_tablet":0,"ocean_menu_typo_line_height_mobile":0,"ocean_menu_typo_line_height_unit":"","ocean_menu_typo_spacing":0,"ocean_menu_typo_spacing_tablet":0,"ocean_menu_typo_spacing_mobile":0,"ocean_menu_typo_spacing_unit":"","ocean_menu_link_color":"","ocean_menu_link_color_hover":"","ocean_menu_link_color_active":"","ocean_menu_link_background":"","ocean_menu_link_hover_background":"","ocean_menu_link_active_background":"","ocean_menu_social_links_bg":"","ocean_menu_social_hover_links_bg":"","ocean_menu_social_links_color":"","ocean_menu_social_hover_links_color":"","ocean_disable_title":"default","ocean_disable_heading":"default","ocean_post_title":"","ocean_post_subheading":"","ocean_post_title_style":"","ocean_post_title_background_color":"","ocean_post_title_background":0,"ocean_post_title_bg_image_position":"","ocean_post_title_bg_image_attachment":"","ocean_post_title_bg_image_repeat":"","ocean_post_title_bg_image_size":"","ocean_post_title_height":0,"ocean_post_title_bg_overlay":0.5,"ocean_post_title_bg_overlay_color":"","ocean_disable_breadcrumbs":"default","ocean_breadcrumbs_color":"","ocean_breadcrumbs_separator_color":"","ocean_breadcrumbs_links_color":"","ocean_breadcrumbs_links_hover_color":"","ocean_display_footer_widgets":"default","ocean_display_footer_bottom":"default","ocean_custom_footer_template":"0","_jetpack_memberships_contains_paid_content":false,"ocean_post_oembed":"","ocean_post_self_hosted_media":"","ocean_post_video_embed":"","ocean_link_format":"","ocean_link_format_target":"self","ocean_quote_format":"","ocean_quote_format_link":"post","ocean_gallery_link_images":"off","ocean_gallery_id":[],"footnotes":"","jetpack_publicize_message":"","jetpack_publicize_feature_enabled":true,"jetpack_social_post_already_shared":false,"jetpack_social_options":{"image_generator_settings":{"template":"highway","default_image_id":0,"font":"","enabled":false},"version":2}},"categories":[62],"tags":[73,71,72,13,69,70],"class_list":["post-2419","post","type-post","status-publish","format-standard","has-post-thumbnail","hentry","category-accessori","tag-2second","tag-campeggio","tag-decathlon","tag-moto","tag-tenda","tag-viaggi","entry","has-media"],"yoast_head":"<!-- This site is optimized with the Yoast SEO plugin v27.5 - https:\/\/yoast.com\/product\/yoast-seo-wordpress\/ -->\n<title>La mia tenda - Io Viaggio In Moto<\/title>\n<meta name=\"description\" content=\"La tenda \u00e8 l&#039;elemento che mette la L maiuscola alla parola libert\u00e0 quando si viaggia in moto. In questo articolo voglio parlarvi della mia nuova tenda.\" \/>\n<meta name=\"robots\" content=\"index, follow, max-snippet:-1, max-image-preview:large, max-video-preview:-1\" \/>\n<link rel=\"canonical\" href=\"https:\/\/ioviaggioinmoto.com\/index.php\/2020\/12\/20\/la-mia-tenda\/\" \/>\n<meta property=\"og:locale\" content=\"it_IT\" \/>\n<meta property=\"og:type\" content=\"article\" \/>\n<meta property=\"og:title\" content=\"La mia tenda - Io Viaggio In Moto\" \/>\n<meta property=\"og:description\" content=\"La tenda \u00e8 l&#039;elemento che mette la L maiuscola alla parola libert\u00e0 quando si viaggia in moto. In questo articolo voglio parlarvi della mia nuova tenda.\" \/>\n<meta property=\"og:url\" content=\"https:\/\/ioviaggioinmoto.com\/index.php\/2020\/12\/20\/la-mia-tenda\/\" \/>\n<meta property=\"og:site_name\" content=\"Io Viaggio In Moto\" \/>\n<meta property=\"article:published_time\" content=\"2020-12-20T14:35:34+00:00\" \/>\n<meta property=\"article:modified_time\" content=\"2021-08-09T09:20:34+00:00\" \/>\n<meta property=\"og:image\" content=\"https:\/\/ioviaggioinmoto.com\/wp-content\/uploads\/2020\/08\/IMG_20200725_185249-scaled.jpg\" \/>\n\t<meta property=\"og:image:width\" content=\"2560\" \/>\n\t<meta property=\"og:image:height\" content=\"1920\" \/>\n\t<meta property=\"og:image:type\" content=\"image\/jpeg\" \/>\n<meta name=\"author\" content=\"boriklorenzo94@gmail.com\" \/>\n<meta name=\"twitter:card\" content=\"summary_large_image\" \/>\n<meta name=\"twitter:label1\" content=\"Scritto da\" \/>\n\t<meta name=\"twitter:data1\" content=\"boriklorenzo94@gmail.com\" \/>\n\t<meta name=\"twitter:label2\" content=\"Tempo di lettura stimato\" \/>\n\t<meta name=\"twitter:data2\" content=\"2 minuti\" \/>\n<script type=\"application\/ld+json\" class=\"yoast-schema-graph\">{\"@context\":\"https:\\\/\\\/schema.org\",\"@graph\":[{\"@type\":\"Article\",\"@id\":\"https:\\\/\\\/ioviaggioinmoto.com\\\/index.php\\\/2020\\\/12\\\/20\\\/la-mia-tenda\\\/#article\",\"isPartOf\":{\"@id\":\"https:\\\/\\\/ioviaggioinmoto.com\\\/index.php\\\/2020\\\/12\\\/20\\\/la-mia-tenda\\\/\"},\"author\":{\"name\":\"boriklorenzo94@gmail.com\",\"@id\":\"https:\\\/\\\/ioviaggioinmoto.com\\\/#\\\/schema\\\/person\\\/5c5128d636b18a7e9a3f4a1e0c625cbe\"},\"headline\":\"La mia tenda\",\"datePublished\":\"2020-12-20T14:35:34+00:00\",\"dateModified\":\"2021-08-09T09:20:34+00:00\",\"mainEntityOfPage\":{\"@id\":\"https:\\\/\\\/ioviaggioinmoto.com\\\/index.php\\\/2020\\\/12\\\/20\\\/la-mia-tenda\\\/\"},\"wordCount\":382,\"publisher\":{\"@id\":\"https:\\\/\\\/ioviaggioinmoto.com\\\/#\\\/schema\\\/person\\\/5c5128d636b18a7e9a3f4a1e0c625cbe\"},\"image\":{\"@id\":\"https:\\\/\\\/ioviaggioinmoto.com\\\/index.php\\\/2020\\\/12\\\/20\\\/la-mia-tenda\\\/#primaryimage\"},\"thumbnailUrl\":\"https:\\\/\\\/ioviaggioinmoto.com\\\/wp-content\\\/uploads\\\/2020\\\/08\\\/IMG_20200725_185249-scaled.jpg\",\"keywords\":[\"2second\",\"campeggio\",\"decathlon\",\"Moto\",\"tenda\",\"viaggi\"],\"articleSection\":[\"Accessori\"],\"inLanguage\":\"it-IT\"},{\"@type\":\"WebPage\",\"@id\":\"https:\\\/\\\/ioviaggioinmoto.com\\\/index.php\\\/2020\\\/12\\\/20\\\/la-mia-tenda\\\/\",\"url\":\"https:\\\/\\\/ioviaggioinmoto.com\\\/index.php\\\/2020\\\/12\\\/20\\\/la-mia-tenda\\\/\",\"name\":\"La mia tenda - Io Viaggio In Moto\",\"isPartOf\":{\"@id\":\"https:\\\/\\\/ioviaggioinmoto.com\\\/#website\"},\"primaryImageOfPage\":{\"@id\":\"https:\\\/\\\/ioviaggioinmoto.com\\\/index.php\\\/2020\\\/12\\\/20\\\/la-mia-tenda\\\/#primaryimage\"},\"image\":{\"@id\":\"https:\\\/\\\/ioviaggioinmoto.com\\\/index.php\\\/2020\\\/12\\\/20\\\/la-mia-tenda\\\/#primaryimage\"},\"thumbnailUrl\":\"https:\\\/\\\/ioviaggioinmoto.com\\\/wp-content\\\/uploads\\\/2020\\\/08\\\/IMG_20200725_185249-scaled.jpg\",\"datePublished\":\"2020-12-20T14:35:34+00:00\",\"dateModified\":\"2021-08-09T09:20:34+00:00\",\"description\":\"La tenda \u00e8 l'elemento che mette la L maiuscola alla parola libert\u00e0 quando si viaggia in moto. In questo articolo voglio parlarvi della mia nuova tenda.\",\"breadcrumb\":{\"@id\":\"https:\\\/\\\/ioviaggioinmoto.com\\\/index.php\\\/2020\\\/12\\\/20\\\/la-mia-tenda\\\/#breadcrumb\"},\"inLanguage\":\"it-IT\",\"potentialAction\":[{\"@type\":\"ReadAction\",\"target\":[\"https:\\\/\\\/ioviaggioinmoto.com\\\/index.php\\\/2020\\\/12\\\/20\\\/la-mia-tenda\\\/\"]}]},{\"@type\":\"ImageObject\",\"inLanguage\":\"it-IT\",\"@id\":\"https:\\\/\\\/ioviaggioinmoto.com\\\/index.php\\\/2020\\\/12\\\/20\\\/la-mia-tenda\\\/#primaryimage\",\"url\":\"https:\\\/\\\/ioviaggioinmoto.com\\\/wp-content\\\/uploads\\\/2020\\\/08\\\/IMG_20200725_185249-scaled.jpg\",\"contentUrl\":\"https:\\\/\\\/ioviaggioinmoto.com\\\/wp-content\\\/uploads\\\/2020\\\/08\\\/IMG_20200725_185249-scaled.jpg\",\"width\":2560,\"height\":1920},{\"@type\":\"BreadcrumbList\",\"@id\":\"https:\\\/\\\/ioviaggioinmoto.com\\\/index.php\\\/2020\\\/12\\\/20\\\/la-mia-tenda\\\/#breadcrumb\",\"itemListElement\":[{\"@type\":\"ListItem\",\"position\":1,\"name\":\"Home\",\"item\":\"https:\\\/\\\/ioviaggioinmoto.com\\\/\"},{\"@type\":\"ListItem\",\"position\":2,\"name\":\"La mia tenda\"}]},{\"@type\":\"WebSite\",\"@id\":\"https:\\\/\\\/ioviaggioinmoto.com\\\/#website\",\"url\":\"https:\\\/\\\/ioviaggioinmoto.com\\\/\",\"name\":\"Io Viaggio In Moto\",\"description\":\"La vita \u00e8 un viaggio e chi viaggia vive due volte\",\"publisher\":{\"@id\":\"https:\\\/\\\/ioviaggioinmoto.com\\\/#\\\/schema\\\/person\\\/5c5128d636b18a7e9a3f4a1e0c625cbe\"},\"potentialAction\":[{\"@type\":\"SearchAction\",\"target\":{\"@type\":\"EntryPoint\",\"urlTemplate\":\"https:\\\/\\\/ioviaggioinmoto.com\\\/?s={search_term_string}\"},\"query-input\":{\"@type\":\"PropertyValueSpecification\",\"valueRequired\":true,\"valueName\":\"search_term_string\"}}],\"inLanguage\":\"it-IT\"},{\"@type\":[\"Person\",\"Organization\"],\"@id\":\"https:\\\/\\\/ioviaggioinmoto.com\\\/#\\\/schema\\\/person\\\/5c5128d636b18a7e9a3f4a1e0c625cbe\",\"name\":\"boriklorenzo94@gmail.com\",\"image\":{\"@type\":\"ImageObject\",\"inLanguage\":\"it-IT\",\"@id\":\"https:\\\/\\\/ioviaggioinmoto.com\\\/wp-content\\\/uploads\\\/2019\\\/11\\\/cropped-IMG_20191125_204315-1-1.jpg\",\"url\":\"https:\\\/\\\/ioviaggioinmoto.com\\\/wp-content\\\/uploads\\\/2019\\\/11\\\/cropped-IMG_20191125_204315-1-1.jpg\",\"contentUrl\":\"https:\\\/\\\/ioviaggioinmoto.com\\\/wp-content\\\/uploads\\\/2019\\\/11\\\/cropped-IMG_20191125_204315-1-1.jpg\",\"width\":771,\"height\":336,\"caption\":\"boriklorenzo94@gmail.com\"},\"logo\":{\"@id\":\"https:\\\/\\\/ioviaggioinmoto.com\\\/wp-content\\\/uploads\\\/2019\\\/11\\\/cropped-IMG_20191125_204315-1-1.jpg\"},\"sameAs\":[\"@boriz_94\"]}]}<\/script>\n<!-- \/ Yoast SEO plugin. -->","yoast_head_json":{"title":"La mia tenda - Io Viaggio In Moto","description":"La tenda \u00e8 l'elemento che mette la L maiuscola alla parola libert\u00e0 quando si viaggia in moto. In questo articolo voglio parlarvi della mia nuova tenda.","robots":{"index":"index","follow":"follow","max-snippet":"max-snippet:-1","max-image-preview":"max-image-preview:large","max-video-preview":"max-video-preview:-1"},"canonical":"https:\/\/ioviaggioinmoto.com\/index.php\/2020\/12\/20\/la-mia-tenda\/","og_locale":"it_IT","og_type":"article","og_title":"La mia tenda - Io Viaggio In Moto","og_description":"La tenda \u00e8 l'elemento che mette la L maiuscola alla parola libert\u00e0 quando si viaggia in moto. In questo articolo voglio parlarvi della mia nuova tenda.","og_url":"https:\/\/ioviaggioinmoto.com\/index.php\/2020\/12\/20\/la-mia-tenda\/","og_site_name":"Io Viaggio In Moto","article_published_time":"2020-12-20T14:35:34+00:00","article_modified_time":"2021-08-09T09:20:34+00:00","og_image":[{"width":2560,"height":1920,"url":"https:\/\/ioviaggioinmoto.com\/wp-content\/uploads\/2020\/08\/IMG_20200725_185249-scaled.jpg","type":"image\/jpeg"}],"author":"boriklorenzo94@gmail.com","twitter_card":"summary_large_image","twitter_misc":{"Scritto da":"boriklorenzo94@gmail.com","Tempo di lettura stimato":"2 minuti"},"schema":{"@context":"https:\/\/schema.org","@graph":[{"@type":"Article","@id":"https:\/\/ioviaggioinmoto.com\/index.php\/2020\/12\/20\/la-mia-tenda\/#article","isPartOf":{"@id":"https:\/\/ioviaggioinmoto.com\/index.php\/2020\/12\/20\/la-mia-tenda\/"},"author":{"name":"boriklorenzo94@gmail.com","@id":"https:\/\/ioviaggioinmoto.com\/#\/schema\/person\/5c5128d636b18a7e9a3f4a1e0c625cbe"},"headline":"La mia tenda","datePublished":"2020-12-20T14:35:34+00:00","dateModified":"2021-08-09T09:20:34+00:00","mainEntityOfPage":{"@id":"https:\/\/ioviaggioinmoto.com\/index.php\/2020\/12\/20\/la-mia-tenda\/"},"wordCount":382,"publisher":{"@id":"https:\/\/ioviaggioinmoto.com\/#\/schema\/person\/5c5128d636b18a7e9a3f4a1e0c625cbe"},"image":{"@id":"https:\/\/ioviaggioinmoto.com\/index.php\/2020\/12\/20\/la-mia-tenda\/#primaryimage"},"thumbnailUrl":"https:\/\/ioviaggioinmoto.com\/wp-content\/uploads\/2020\/08\/IMG_20200725_185249-scaled.jpg","keywords":["2second","campeggio","decathlon","Moto","tenda","viaggi"],"articleSection":["Accessori"],"inLanguage":"it-IT"},{"@type":"WebPage","@id":"https:\/\/ioviaggioinmoto.com\/index.php\/2020\/12\/20\/la-mia-tenda\/","url":"https:\/\/ioviaggioinmoto.com\/index.php\/2020\/12\/20\/la-mia-tenda\/","name":"La mia tenda - Io Viaggio In Moto","isPartOf":{"@id":"https:\/\/ioviaggioinmoto.com\/#website"},"primaryImageOfPage":{"@id":"https:\/\/ioviaggioinmoto.com\/index.php\/2020\/12\/20\/la-mia-tenda\/#primaryimage"},"image":{"@id":"https:\/\/ioviaggioinmoto.com\/index.php\/2020\/12\/20\/la-mia-tenda\/#primaryimage"},"thumbnailUrl":"https:\/\/ioviaggioinmoto.com\/wp-content\/uploads\/2020\/08\/IMG_20200725_185249-scaled.jpg","datePublished":"2020-12-20T14:35:34+00:00","dateModified":"2021-08-09T09:20:34+00:00","description":"La tenda \u00e8 l'elemento che mette la L maiuscola alla parola libert\u00e0 quando si viaggia in moto. In questo articolo voglio parlarvi della mia nuova tenda.","breadcrumb":{"@id":"https:\/\/ioviaggioinmoto.com\/index.php\/2020\/12\/20\/la-mia-tenda\/#breadcrumb"},"inLanguage":"it-IT","potentialAction":[{"@type":"ReadAction","target":["https:\/\/ioviaggioinmoto.com\/index.php\/2020\/12\/20\/la-mia-tenda\/"]}]},{"@type":"ImageObject","inLanguage":"it-IT","@id":"https:\/\/ioviaggioinmoto.com\/index.php\/2020\/12\/20\/la-mia-tenda\/#primaryimage","url":"https:\/\/ioviaggioinmoto.com\/wp-content\/uploads\/2020\/08\/IMG_20200725_185249-scaled.jpg","contentUrl":"https:\/\/ioviaggioinmoto.com\/wp-content\/uploads\/2020\/08\/IMG_20200725_185249-scaled.jpg","width":2560,"height":1920},{"@type":"BreadcrumbList","@id":"https:\/\/ioviaggioinmoto.com\/index.php\/2020\/12\/20\/la-mia-tenda\/#breadcrumb","itemListElement":[{"@type":"ListItem","position":1,"name":"Home","item":"https:\/\/ioviaggioinmoto.com\/"},{"@type":"ListItem","position":2,"name":"La mia tenda"}]},{"@type":"WebSite","@id":"https:\/\/ioviaggioinmoto.com\/#website","url":"https:\/\/ioviaggioinmoto.com\/","name":"Io Viaggio In Moto","description":"La vita \u00e8 un viaggio e chi viaggia vive due volte","publisher":{"@id":"https:\/\/ioviaggioinmoto.com\/#\/schema\/person\/5c5128d636b18a7e9a3f4a1e0c625cbe"},"potentialAction":[{"@type":"SearchAction","target":{"@type":"EntryPoint","urlTemplate":"https:\/\/ioviaggioinmoto.com\/?s={search_term_string}"},"query-input":{"@type":"PropertyValueSpecification","valueRequired":true,"valueName":"search_term_string"}}],"inLanguage":"it-IT"},{"@type":["Person","Organization"],"@id":"https:\/\/ioviaggioinmoto.com\/#\/schema\/person\/5c5128d636b18a7e9a3f4a1e0c625cbe","name":"boriklorenzo94@gmail.com","image":{"@type":"ImageObject","inLanguage":"it-IT","@id":"https:\/\/ioviaggioinmoto.com\/wp-content\/uploads\/2019\/11\/cropped-IMG_20191125_204315-1-1.jpg","url":"https:\/\/ioviaggioinmoto.com\/wp-content\/uploads\/2019\/11\/cropped-IMG_20191125_204315-1-1.jpg","contentUrl":"https:\/\/ioviaggioinmoto.com\/wp-content\/uploads\/2019\/11\/cropped-IMG_20191125_204315-1-1.jpg","width":771,"height":336,"caption":"boriklorenzo94@gmail.com"},"logo":{"@id":"https:\/\/ioviaggioinmoto.com\/wp-content\/uploads\/2019\/11\/cropped-IMG_20191125_204315-1-1.jpg"},"sameAs":["@boriz_94"]}]}},"jetpack_publicize_connections":[],"jetpack_featured_media_url":"https:\/\/ioviaggioinmoto.com\/wp-content\/uploads\/2020\/08\/IMG_20200725_185249-scaled.jpg","jetpack_sharing_enabled":true,"_links":{"self":[{"href":"https:\/\/ioviaggioinmoto.com\/index.php\/wp-json\/wp\/v2\/posts\/2419","targetHints":{"allow":["GET"]}}],"collection":[{"href":"https:\/\/ioviaggioinmoto.com\/index.php\/wp-json\/wp\/v2\/posts"}],"about":[{"href":"https:\/\/ioviaggioinmoto.com\/index.php\/wp-json\/wp\/v2\/types\/post"}],"author":[{"embeddable":true,"href":"https:\/\/ioviaggioinmoto.com\/index.php\/wp-json\/wp\/v2\/users\/1"}],"replies":[{"embeddable":true,"href":"https:\/\/ioviaggioinmoto.com\/index.php\/wp-json\/wp\/v2\/comments?post=2419"}],"version-history":[{"count":6,"href":"https:\/\/ioviaggioinmoto.com\/index.php\/wp-json\/wp\/v2\/posts\/2419\/revisions"}],"predecessor-version":[{"id":2432,"href":"https:\/\/ioviaggioinmoto.com\/index.php\/wp-json\/wp\/v2\/posts\/2419\/revisions\/2432"}],"wp:featuredmedia":[{"embeddable":true,"href":"https:\/\/ioviaggioinmoto.com\/index.php\/wp-json\/wp\/v2\/media\/2423"}],"wp:attachment":[{"href":"https:\/\/ioviaggioinmoto.com\/index.php\/wp-json\/wp\/v2\/media?parent=2419"}],"wp:term":[{"taxonomy":"category","embeddable":true,"href":"https:\/\/ioviaggioinmoto.com\/index.php\/wp-json\/wp\/v2\/categories?post=2419"},{"taxonomy":"post_tag","embeddable":true,"href":"https:\/\/ioviaggioinmoto.com\/index.php\/wp-json\/wp\/v2\/tags?post=2419"}],"curies":[{"name":"wp","href":"https:\/\/api.w.org\/{rel}","templated":true}]}}