{"id":2299,"date":"2020-04-14T20:03:38","date_gmt":"2020-04-14T20:03:38","guid":{"rendered":"https:\/\/ioviaggioinmoto.com\/?p=2299"},"modified":"2020-12-27T09:54:12","modified_gmt":"2020-12-27T09:54:12","slug":"le-strade-del-prosecco","status":"publish","type":"post","link":"https:\/\/ioviaggioinmoto.com\/index.php\/2020\/04\/14\/le-strade-del-prosecco\/","title":{"rendered":"Le strade del Prosecco"},"content":{"rendered":"\n<p>Questo itinerario ci porta alla scoperta del Veneto, in provincia di Treviso, percorrendo le strade del Prosecco , su e gi\u00f9 per le colline tra Valdobbiadene e Conegliano. <\/p>\n\n\n\n<figure class=\"wp-block-image size-large\"><img decoding=\"async\" src=\"data:image\/gif;base64,R0lGODlhAQABAIAAAAAAAP\/\/\/yH5BAEAAAAALAAAAAABAAEAAAIBRAA7\" data-src=\"https:\/\/ioviaggioinmoto.com\/wp-content\/uploads\/2020\/04\/IMG_0988-1024x387.jpg\" alt=\"\" class=\"wp-image-2300 lazyload\"\/><noscript><img fetchpriority=\"high\" decoding=\"async\" width=\"1024\" height=\"387\" src=\"https:\/\/ioviaggioinmoto.com\/wp-content\/uploads\/2020\/04\/IMG_0988-1024x387.jpg\" alt=\"\" class=\"wp-image-2300 lazyload\" srcset=\"https:\/\/ioviaggioinmoto.com\/wp-content\/uploads\/2020\/04\/IMG_0988-1024x387.jpg 1024w, https:\/\/ioviaggioinmoto.com\/wp-content\/uploads\/2020\/04\/IMG_0988-300x113.jpg 300w, https:\/\/ioviaggioinmoto.com\/wp-content\/uploads\/2020\/04\/IMG_0988-768x290.jpg 768w, https:\/\/ioviaggioinmoto.com\/wp-content\/uploads\/2020\/04\/IMG_0988-1536x581.jpg 1536w, https:\/\/ioviaggioinmoto.com\/wp-content\/uploads\/2020\/04\/IMG_0988-2048x774.jpg 2048w\" sizes=\"(max-width: 1024px) 100vw, 1024px\" \/><\/noscript><figcaption>Osteria senza oste Valdobbiadene<\/figcaption><\/figure>\n\n\n\n<h2 class=\"wp-block-heading\">Itinerario: Le strade del Prosecco<\/h2>\n\n\n\n<figure><iframe class=\"lazyload\" data-src=\"https:\/\/www.google.com\/maps\/embed?pb=!1m58!1m12!1m3!1d167907.8835609537!2d12.071955539588124!3d45.924433762064915!2m3!1f0!2f0!3f0!3m2!1i1024!2i768!4f13.1!4m43!3e0!4m5!1s0x4779152cd46286a3%3A0x3b2554a0ae1fb550!2sAutostrade%20per%20l\"Italia%20S.p.A.%2C%2073%2FA%20Via%20Mare%2C%20San%20Vendemiano%2C%20TV%2031020%2C%2031020%20San%20Vendemiano%20TV!3m2!1d45.8791009!2d12.3374366!4m5!1s0x477917348b089dbf%3A0xda06d90e1ba87e03!2sMolinetto%20della%20Croda!3m2!1d45.9379272!2d12.191755299999999!4m5!1s0x47791ab8cd1b4a83%3A0x260709882e6d2a61!2s31030%20San%20Boldo%2C%20Province%20of%20Treviso!3m2!1d46.0059196!2d12.1698512!4m5!1s0x47791a47232eb651%3A0x4a99d392833f4950!2sCison%20di%20Valmarino%2C%20Province%20of%20Treviso!3m2!1d45.9675185!2d12.1486371!4m5!1s0x477919375246038b%3A0xe87c153f72b307d8!2sCombai!3m2!1d45.9298621!2d12.070698799999999!4m5!1s0x47791f38585d5bc5%3A0xa43ec841819200f6!2sOsteria%20Senz'Oste!3m2!1d45.9014914!2d12.0317714!4m5!1s0x47791f036175e295%3A0x407098715915c90!2sValdobbiadene!3m2!1d45.9012514!2d11.9958811!5e0!3m2!1sen!2sit!4v1586361666951!5m2!1sen!2sit\" width=\"600\" height=\"450\" allowfullscreen=\"\"><\/iframe><\/figure>\n\n\n\n<p>Partiamo dall&#8217;uscita autostradale A27 di<strong> Conegliano<\/strong>, attraversiamo il centro e raggiungiamo il <strong>Molinetto della Croda<\/strong>, ottima location per una breve pausa.  Un ex molino ad acqua del <strong>1630<\/strong> oggi adibito dal comune di <strong>Refrontolo<\/strong> a museo della molitura.<\/p>\n\n\n\n<figure class=\"wp-block-image size-large\"><img decoding=\"async\" src=\"data:image\/gif;base64,R0lGODlhAQABAIAAAAAAAP\/\/\/yH5BAEAAAAALAAAAAABAAEAAAIBRAA7\" data-src=\"https:\/\/ioviaggioinmoto.com\/wp-content\/uploads\/2020\/04\/29738629_439297909840173_2840272674687549440_n-1024x1024.jpg\" alt=\"\" class=\"wp-image-2303 lazyload\"\/><noscript><img decoding=\"async\" width=\"1024\" height=\"1024\" src=\"https:\/\/ioviaggioinmoto.com\/wp-content\/uploads\/2020\/04\/29738629_439297909840173_2840272674687549440_n-1024x1024.jpg\" alt=\"\" class=\"wp-image-2303 lazyload\" srcset=\"https:\/\/ioviaggioinmoto.com\/wp-content\/uploads\/2020\/04\/29738629_439297909840173_2840272674687549440_n-1024x1024.jpg 1024w, https:\/\/ioviaggioinmoto.com\/wp-content\/uploads\/2020\/04\/29738629_439297909840173_2840272674687549440_n-300x300.jpg 300w, https:\/\/ioviaggioinmoto.com\/wp-content\/uploads\/2020\/04\/29738629_439297909840173_2840272674687549440_n-150x150.jpg 150w, https:\/\/ioviaggioinmoto.com\/wp-content\/uploads\/2020\/04\/29738629_439297909840173_2840272674687549440_n-768x768.jpg 768w, https:\/\/ioviaggioinmoto.com\/wp-content\/uploads\/2020\/04\/29738629_439297909840173_2840272674687549440_n.jpg 1080w\" sizes=\"(max-width: 1024px) 100vw, 1024px\" \/><\/noscript><figcaption>Molinetto della Croda<\/figcaption><\/figure>\n\n\n\n<p>Continuando il nostro percorso possiamo fare una deviazione al<strong> Passo San Boldo.<\/strong> Una strada ricca di storia fondamentale per i collegamenti tra il Trevigiano e la Valbelluna.  Chiamata <em>la strada dei 100<\/em> <em>giorni<\/em> in quanto l&#8217;opera, che vide peraltro lo scavo di cinque gallerie, si concluse in tempi brevissimi.<\/p>\n\n\n\n<figure class=\"wp-block-image size-large\"><img decoding=\"async\" src=\"data:image\/gif;base64,R0lGODlhAQABAIAAAAAAAP\/\/\/yH5BAEAAAAALAAAAAABAAEAAAIBRAA7\" data-src=\"https:\/\/ioviaggioinmoto.com\/wp-content\/uploads\/2020\/04\/29716242_2016902691961023_4750341186378530816_n-1024x1024.jpg\" alt=\"\" class=\"wp-image-2306 lazyload\"\/><noscript><img decoding=\"async\" width=\"1024\" height=\"1024\" src=\"https:\/\/ioviaggioinmoto.com\/wp-content\/uploads\/2020\/04\/29716242_2016902691961023_4750341186378530816_n-1024x1024.jpg\" alt=\"\" class=\"wp-image-2306 lazyload\" srcset=\"https:\/\/ioviaggioinmoto.com\/wp-content\/uploads\/2020\/04\/29716242_2016902691961023_4750341186378530816_n-1024x1024.jpg 1024w, https:\/\/ioviaggioinmoto.com\/wp-content\/uploads\/2020\/04\/29716242_2016902691961023_4750341186378530816_n-300x300.jpg 300w, https:\/\/ioviaggioinmoto.com\/wp-content\/uploads\/2020\/04\/29716242_2016902691961023_4750341186378530816_n-150x150.jpg 150w, https:\/\/ioviaggioinmoto.com\/wp-content\/uploads\/2020\/04\/29716242_2016902691961023_4750341186378530816_n-768x768.jpg 768w, https:\/\/ioviaggioinmoto.com\/wp-content\/uploads\/2020\/04\/29716242_2016902691961023_4750341186378530816_n.jpg 1080w\" sizes=\"(max-width: 1024px) 100vw, 1024px\" \/><\/noscript><figcaption>Passo San Boldo<\/figcaption><\/figure>\n\n\n\n<p>Proseguiamo il nostro itinerario verso <strong>Cison di Valmarino<\/strong>, la vista della rocca dimora del Castel Brando ci accoglie gi\u00e0 mentre ci avviciniamo.  Un aperitivo o una passeggiata vale sicuramente la pena, Cison di Valmarino fa parte dei\u00a0borghi pi\u00f9 belli d&#8217;Italia\u00a0e dal 2019 si fregia del marchio di qualit\u00e0 turistico-ambientale della\u00a0Bandiera arancione\u00a0conferita dal\u00a0<a href=\"https:\/\/it.wikipedia.org\/wiki\/Touring_Club_Italiano\">Touring Club Italiano<\/a>. <\/p>\n\n\n\n<p>Da qui iniziamo a entrare nelle terre del Prosecco e i paesaggi iniziano sempre pi\u00f9 a riempirsi di distese di vigneti. Giunti a <strong>Combai<\/strong>, una frazione di Miane, percorriamo un percorso collinare immersi nei boschi di castagneti per poi aprirsi sulle colline del Prosecco.<\/p>\n\n\n\n<figure class=\"wp-block-image size-large\"><img decoding=\"async\" src=\"data:image\/gif;base64,R0lGODlhAQABAIAAAAAAAP\/\/\/yH5BAEAAAAALAAAAAABAAEAAAIBRAA7\" data-src=\"https:\/\/ioviaggioinmoto.com\/wp-content\/uploads\/2020\/04\/IMG_0987-1024x768.jpg\" alt=\"\" class=\"wp-image-2308 lazyload\"\/><noscript><img loading=\"lazy\" decoding=\"async\" width=\"1024\" height=\"768\" src=\"https:\/\/ioviaggioinmoto.com\/wp-content\/uploads\/2020\/04\/IMG_0987-1024x768.jpg\" alt=\"\" class=\"wp-image-2308 lazyload\" srcset=\"https:\/\/ioviaggioinmoto.com\/wp-content\/uploads\/2020\/04\/IMG_0987-1024x768.jpg 1024w, https:\/\/ioviaggioinmoto.com\/wp-content\/uploads\/2020\/04\/IMG_0987-300x225.jpg 300w, https:\/\/ioviaggioinmoto.com\/wp-content\/uploads\/2020\/04\/IMG_0987-768x576.jpg 768w, https:\/\/ioviaggioinmoto.com\/wp-content\/uploads\/2020\/04\/IMG_0987-1536x1152.jpg 1536w, https:\/\/ioviaggioinmoto.com\/wp-content\/uploads\/2020\/04\/IMG_0987-2048x1536.jpg 2048w\" sizes=\"(max-width: 1024px) 100vw, 1024px\" \/><\/noscript><figcaption>Combai<\/figcaption><\/figure>\n\n\n\n<p><strong>Guia<\/strong> ci fa da apripista per la strada del Prosecco, pronti per un serpentone lungo costa da godersi appieno, immersi nel verde dei vigneti e dalle molte cantine. <\/p>\n\n\n\n<blockquote class=\"wp-block-quote has-text-align-center is-layout-flow wp-block-quote-is-layout-flow\"><p><strong>Belle le strade ma, dove degustare un buon calice di Prosecco? <\/strong><\/p><\/blockquote>\n\n\n\n<p>All&#8217;<strong>Osteria senza Oste<\/strong>! \u00a0Questa osteria \u00e8 stata attrezzata di tutto punto per appetitosi spuntini\u00a0con la particolarit\u00e0 che l\u2019oste non c\u2019\u00e8, ci si serve liberamente e l\u2019offerta per ci\u00f2 che si \u00e8 gustato \u00e8 lasciata all&#8217;onest\u00e0 degli avventori, che possono depositare in una cassetta sul tavolo della cucina il denaro. I cibi sono conservati in contenitori su cui sono leggibili i vari prezzi. Alla fine si tirano le somme e si lasciano i soldi nell&#8217;apposito cassetto.<\/p>\n\n\n\n<figure class=\"wp-block-gallery aligncenter columns-2 is-cropped wp-block-gallery-1 is-layout-flex wp-block-gallery-is-layout-flex\"><ul class=\"blocks-gallery-grid\"><li class=\"blocks-gallery-item\"><figure><img decoding=\"async\" src=\"data:image\/gif;base64,R0lGODlhAQABAIAAAAAAAP\/\/\/yH5BAEAAAAALAAAAAABAAEAAAIBRAA7\" data-src=\"https:\/\/ioviaggioinmoto.com\/wp-content\/uploads\/2020\/04\/32135626_2109514262617482_4997516154831372288_n-822x1024.jpg\" alt=\"\" data-id=\"2311\" data-link=\"https:\/\/ioviaggioinmoto.com\/?attachment_id=2311\" class=\"wp-image-2311 lazyload\"\/><noscript><img loading=\"lazy\" decoding=\"async\" width=\"822\" height=\"1024\" src=\"https:\/\/ioviaggioinmoto.com\/wp-content\/uploads\/2020\/04\/32135626_2109514262617482_4997516154831372288_n-822x1024.jpg\" alt=\"\" data-id=\"2311\" data-link=\"https:\/\/ioviaggioinmoto.com\/?attachment_id=2311\" class=\"wp-image-2311 lazyload\" srcset=\"https:\/\/ioviaggioinmoto.com\/wp-content\/uploads\/2020\/04\/32135626_2109514262617482_4997516154831372288_n-822x1024.jpg 822w, https:\/\/ioviaggioinmoto.com\/wp-content\/uploads\/2020\/04\/32135626_2109514262617482_4997516154831372288_n-241x300.jpg 241w, https:\/\/ioviaggioinmoto.com\/wp-content\/uploads\/2020\/04\/32135626_2109514262617482_4997516154831372288_n-768x956.jpg 768w, https:\/\/ioviaggioinmoto.com\/wp-content\/uploads\/2020\/04\/32135626_2109514262617482_4997516154831372288_n.jpg 1080w\" sizes=\"(max-width: 822px) 100vw, 822px\" \/><\/noscript><\/figure><\/li><li class=\"blocks-gallery-item\"><figure><img decoding=\"async\" src=\"data:image\/gif;base64,R0lGODlhAQABAIAAAAAAAP\/\/\/yH5BAEAAAAALAAAAAABAAEAAAIBRAA7\" data-src=\"https:\/\/ioviaggioinmoto.com\/wp-content\/uploads\/2020\/04\/IMG_0988-1-1024x387.jpg\" alt=\"\" data-id=\"2312\" data-full-url=\"https:\/\/ioviaggioinmoto.com\/wp-content\/uploads\/2020\/04\/IMG_0988-1-scaled.jpg\" data-link=\"https:\/\/ioviaggioinmoto.com\/?attachment_id=2312\" class=\"wp-image-2312 lazyload\"\/><noscript><img loading=\"lazy\" decoding=\"async\" width=\"1024\" height=\"387\" src=\"https:\/\/ioviaggioinmoto.com\/wp-content\/uploads\/2020\/04\/IMG_0988-1-1024x387.jpg\" alt=\"\" data-id=\"2312\" data-full-url=\"https:\/\/ioviaggioinmoto.com\/wp-content\/uploads\/2020\/04\/IMG_0988-1-scaled.jpg\" data-link=\"https:\/\/ioviaggioinmoto.com\/?attachment_id=2312\" class=\"wp-image-2312 lazyload\" srcset=\"https:\/\/ioviaggioinmoto.com\/wp-content\/uploads\/2020\/04\/IMG_0988-1-1024x387.jpg 1024w, https:\/\/ioviaggioinmoto.com\/wp-content\/uploads\/2020\/04\/IMG_0988-1-300x113.jpg 300w, https:\/\/ioviaggioinmoto.com\/wp-content\/uploads\/2020\/04\/IMG_0988-1-768x290.jpg 768w, https:\/\/ioviaggioinmoto.com\/wp-content\/uploads\/2020\/04\/IMG_0988-1-1536x581.jpg 1536w, https:\/\/ioviaggioinmoto.com\/wp-content\/uploads\/2020\/04\/IMG_0988-1-2048x774.jpg 2048w\" sizes=\"(max-width: 1024px) 100vw, 1024px\" \/><\/noscript><\/figure><\/li><\/ul><figcaption class=\"blocks-gallery-caption\">Osteria con vista<\/figcaption><\/figure>\n\n\n\n<p>Percorriamo gli ultimi chilometri finendo il nostro tour a <strong>Valdobbiadene<\/strong>, capitale della coltura vitivinicola europea 2016. Nel centro, in Piazza Marconi, nonch\u00e9 ritrovo di motociclisti, termina il nostro itinerario.<\/p>\n","protected":false},"excerpt":{"rendered":"<p>Questo itinerario ci porta alla scoperta del Veneto, in provincia di Treviso, percorrendo le strade del Prosecco , su e gi\u00f9 per le colline tra Valdobbiadene e Conegliano. Itinerario: Le [&hellip;]<\/p>\n","protected":false},"author":1,"featured_media":2300,"comment_status":"closed","ping_status":"open","sticky":false,"template":"","format":"standard","meta":{"_monsterinsights_skip_tracking":false,"_monsterinsights_sitenote_active":false,"_monsterinsights_sitenote_note":"","_monsterinsights_sitenote_category":0,"ocean_post_layout":"","ocean_both_sidebars_style":"","ocean_both_sidebars_content_width":0,"ocean_both_sidebars_sidebars_width":0,"ocean_sidebar":"0","ocean_second_sidebar":"0","ocean_disable_margins":"enable","ocean_add_body_class":"","ocean_shortcode_before_top_bar":"","ocean_shortcode_after_top_bar":"","ocean_shortcode_before_header":"","ocean_shortcode_after_header":"","ocean_has_shortcode":"","ocean_shortcode_after_title":"","ocean_shortcode_before_footer_widgets":"","ocean_shortcode_after_footer_widgets":"","ocean_shortcode_before_footer_bottom":"","ocean_shortcode_after_footer_bottom":"","ocean_display_top_bar":"default","ocean_display_header":"default","ocean_header_style":"","ocean_center_header_left_menu":"0","ocean_custom_header_template":"0","ocean_custom_logo":0,"ocean_custom_retina_logo":0,"ocean_custom_logo_max_width":0,"ocean_custom_logo_tablet_max_width":0,"ocean_custom_logo_mobile_max_width":0,"ocean_custom_logo_max_height":0,"ocean_custom_logo_tablet_max_height":0,"ocean_custom_logo_mobile_max_height":0,"ocean_header_custom_menu":"0","ocean_menu_typo_font_family":"0","ocean_menu_typo_font_subset":"","ocean_menu_typo_font_size":0,"ocean_menu_typo_font_size_tablet":0,"ocean_menu_typo_font_size_mobile":0,"ocean_menu_typo_font_size_unit":"px","ocean_menu_typo_font_weight":"","ocean_menu_typo_font_weight_tablet":"","ocean_menu_typo_font_weight_mobile":"","ocean_menu_typo_transform":"","ocean_menu_typo_transform_tablet":"","ocean_menu_typo_transform_mobile":"","ocean_menu_typo_line_height":0,"ocean_menu_typo_line_height_tablet":0,"ocean_menu_typo_line_height_mobile":0,"ocean_menu_typo_line_height_unit":"","ocean_menu_typo_spacing":0,"ocean_menu_typo_spacing_tablet":0,"ocean_menu_typo_spacing_mobile":0,"ocean_menu_typo_spacing_unit":"","ocean_menu_link_color":"","ocean_menu_link_color_hover":"","ocean_menu_link_color_active":"","ocean_menu_link_background":"","ocean_menu_link_hover_background":"","ocean_menu_link_active_background":"","ocean_menu_social_links_bg":"","ocean_menu_social_hover_links_bg":"","ocean_menu_social_links_color":"","ocean_menu_social_hover_links_color":"","ocean_disable_title":"default","ocean_disable_heading":"default","ocean_post_title":"","ocean_post_subheading":"","ocean_post_title_style":"","ocean_post_title_background_color":"","ocean_post_title_background":0,"ocean_post_title_bg_image_position":"","ocean_post_title_bg_image_attachment":"","ocean_post_title_bg_image_repeat":"","ocean_post_title_bg_image_size":"","ocean_post_title_height":0,"ocean_post_title_bg_overlay":0.5,"ocean_post_title_bg_overlay_color":"","ocean_disable_breadcrumbs":"default","ocean_breadcrumbs_color":"","ocean_breadcrumbs_separator_color":"","ocean_breadcrumbs_links_color":"","ocean_breadcrumbs_links_hover_color":"","ocean_display_footer_widgets":"default","ocean_display_footer_bottom":"default","ocean_custom_footer_template":"0","_jetpack_memberships_contains_paid_content":false,"ocean_post_oembed":"","ocean_post_self_hosted_media":"","ocean_post_video_embed":"","ocean_link_format":"","ocean_link_format_target":"self","ocean_quote_format":"","ocean_quote_format_link":"post","ocean_gallery_link_images":"off","ocean_gallery_id":[],"footnotes":"","jetpack_publicize_message":"","jetpack_publicize_feature_enabled":true,"jetpack_social_post_already_shared":false,"jetpack_social_options":{"image_generator_settings":{"template":"highway","default_image_id":0,"font":"","enabled":false},"version":2}},"categories":[21],"tags":[],"class_list":["post-2299","post","type-post","status-publish","format-standard","has-post-thumbnail","hentry","category-itinerari","entry","has-media"],"yoast_head":"<!-- This site is optimized with the Yoast SEO plugin v27.5 - https:\/\/yoast.com\/product\/yoast-seo-wordpress\/ -->\n<title>Le strade del Prosecco - Io Viaggio In Moto<\/title>\n<meta name=\"description\" content=\"Questo itinerario ci porta alla scoperta del Veneto, percorrendo le strade del Prosecco , su e gi\u00f9 per le colline tra Valdobbiadene e Conegliano.\" \/>\n<meta name=\"robots\" content=\"index, follow, max-snippet:-1, max-image-preview:large, max-video-preview:-1\" \/>\n<link rel=\"canonical\" href=\"https:\/\/ioviaggioinmoto.com\/index.php\/2020\/04\/14\/le-strade-del-prosecco\/\" \/>\n<meta property=\"og:locale\" content=\"it_IT\" \/>\n<meta property=\"og:type\" content=\"article\" \/>\n<meta property=\"og:title\" content=\"Le strade del Prosecco - Io Viaggio In Moto\" \/>\n<meta property=\"og:description\" content=\"Questo itinerario ci porta alla scoperta del Veneto, percorrendo le strade del Prosecco , su e gi\u00f9 per le colline tra Valdobbiadene e Conegliano.\" \/>\n<meta property=\"og:url\" content=\"https:\/\/ioviaggioinmoto.com\/index.php\/2020\/04\/14\/le-strade-del-prosecco\/\" \/>\n<meta property=\"og:site_name\" content=\"Io Viaggio In Moto\" \/>\n<meta property=\"article:published_time\" content=\"2020-04-14T20:03:38+00:00\" \/>\n<meta property=\"article:modified_time\" content=\"2020-12-27T09:54:12+00:00\" \/>\n<meta property=\"og:image\" content=\"https:\/\/ioviaggioinmoto.com\/wp-content\/uploads\/2020\/04\/IMG_0988-scaled.jpg\" \/>\n\t<meta property=\"og:image:width\" content=\"2560\" \/>\n\t<meta property=\"og:image:height\" content=\"968\" \/>\n\t<meta property=\"og:image:type\" content=\"image\/jpeg\" \/>\n<meta name=\"author\" content=\"boriklorenzo94@gmail.com\" \/>\n<meta name=\"twitter:card\" content=\"summary_large_image\" \/>\n<meta name=\"twitter:label1\" content=\"Scritto da\" \/>\n\t<meta name=\"twitter:data1\" content=\"boriklorenzo94@gmail.com\" \/>\n\t<meta name=\"twitter:label2\" content=\"Tempo di lettura stimato\" \/>\n\t<meta name=\"twitter:data2\" content=\"2 minuti\" \/>\n<script type=\"application\/ld+json\" class=\"yoast-schema-graph\">{\"@context\":\"https:\\\/\\\/schema.org\",\"@graph\":[{\"@type\":\"Article\",\"@id\":\"https:\\\/\\\/ioviaggioinmoto.com\\\/index.php\\\/2020\\\/04\\\/14\\\/le-strade-del-prosecco\\\/#article\",\"isPartOf\":{\"@id\":\"https:\\\/\\\/ioviaggioinmoto.com\\\/index.php\\\/2020\\\/04\\\/14\\\/le-strade-del-prosecco\\\/\"},\"author\":{\"name\":\"boriklorenzo94@gmail.com\",\"@id\":\"https:\\\/\\\/ioviaggioinmoto.com\\\/#\\\/schema\\\/person\\\/5c5128d636b18a7e9a3f4a1e0c625cbe\"},\"headline\":\"Le strade del Prosecco\",\"datePublished\":\"2020-04-14T20:03:38+00:00\",\"dateModified\":\"2020-12-27T09:54:12+00:00\",\"mainEntityOfPage\":{\"@id\":\"https:\\\/\\\/ioviaggioinmoto.com\\\/index.php\\\/2020\\\/04\\\/14\\\/le-strade-del-prosecco\\\/\"},\"wordCount\":379,\"publisher\":{\"@id\":\"https:\\\/\\\/ioviaggioinmoto.com\\\/#\\\/schema\\\/person\\\/5c5128d636b18a7e9a3f4a1e0c625cbe\"},\"image\":{\"@id\":\"https:\\\/\\\/ioviaggioinmoto.com\\\/index.php\\\/2020\\\/04\\\/14\\\/le-strade-del-prosecco\\\/#primaryimage\"},\"thumbnailUrl\":\"https:\\\/\\\/ioviaggioinmoto.com\\\/wp-content\\\/uploads\\\/2020\\\/04\\\/IMG_0988-scaled.jpg\",\"articleSection\":[\"Itinerari\"],\"inLanguage\":\"it-IT\"},{\"@type\":\"WebPage\",\"@id\":\"https:\\\/\\\/ioviaggioinmoto.com\\\/index.php\\\/2020\\\/04\\\/14\\\/le-strade-del-prosecco\\\/\",\"url\":\"https:\\\/\\\/ioviaggioinmoto.com\\\/index.php\\\/2020\\\/04\\\/14\\\/le-strade-del-prosecco\\\/\",\"name\":\"Le strade del Prosecco - Io Viaggio In Moto\",\"isPartOf\":{\"@id\":\"https:\\\/\\\/ioviaggioinmoto.com\\\/#website\"},\"primaryImageOfPage\":{\"@id\":\"https:\\\/\\\/ioviaggioinmoto.com\\\/index.php\\\/2020\\\/04\\\/14\\\/le-strade-del-prosecco\\\/#primaryimage\"},\"image\":{\"@id\":\"https:\\\/\\\/ioviaggioinmoto.com\\\/index.php\\\/2020\\\/04\\\/14\\\/le-strade-del-prosecco\\\/#primaryimage\"},\"thumbnailUrl\":\"https:\\\/\\\/ioviaggioinmoto.com\\\/wp-content\\\/uploads\\\/2020\\\/04\\\/IMG_0988-scaled.jpg\",\"datePublished\":\"2020-04-14T20:03:38+00:00\",\"dateModified\":\"2020-12-27T09:54:12+00:00\",\"description\":\"Questo itinerario ci porta alla scoperta del Veneto, percorrendo le strade del Prosecco , su e gi\u00f9 per le colline tra Valdobbiadene e Conegliano.\",\"breadcrumb\":{\"@id\":\"https:\\\/\\\/ioviaggioinmoto.com\\\/index.php\\\/2020\\\/04\\\/14\\\/le-strade-del-prosecco\\\/#breadcrumb\"},\"inLanguage\":\"it-IT\",\"potentialAction\":[{\"@type\":\"ReadAction\",\"target\":[\"https:\\\/\\\/ioviaggioinmoto.com\\\/index.php\\\/2020\\\/04\\\/14\\\/le-strade-del-prosecco\\\/\"]}]},{\"@type\":\"ImageObject\",\"inLanguage\":\"it-IT\",\"@id\":\"https:\\\/\\\/ioviaggioinmoto.com\\\/index.php\\\/2020\\\/04\\\/14\\\/le-strade-del-prosecco\\\/#primaryimage\",\"url\":\"https:\\\/\\\/ioviaggioinmoto.com\\\/wp-content\\\/uploads\\\/2020\\\/04\\\/IMG_0988-scaled.jpg\",\"contentUrl\":\"https:\\\/\\\/ioviaggioinmoto.com\\\/wp-content\\\/uploads\\\/2020\\\/04\\\/IMG_0988-scaled.jpg\",\"width\":2560,\"height\":968},{\"@type\":\"BreadcrumbList\",\"@id\":\"https:\\\/\\\/ioviaggioinmoto.com\\\/index.php\\\/2020\\\/04\\\/14\\\/le-strade-del-prosecco\\\/#breadcrumb\",\"itemListElement\":[{\"@type\":\"ListItem\",\"position\":1,\"name\":\"Home\",\"item\":\"https:\\\/\\\/ioviaggioinmoto.com\\\/\"},{\"@type\":\"ListItem\",\"position\":2,\"name\":\"Le strade del Prosecco\"}]},{\"@type\":\"WebSite\",\"@id\":\"https:\\\/\\\/ioviaggioinmoto.com\\\/#website\",\"url\":\"https:\\\/\\\/ioviaggioinmoto.com\\\/\",\"name\":\"Io Viaggio In Moto\",\"description\":\"La vita \u00e8 un viaggio e chi viaggia vive due volte\",\"publisher\":{\"@id\":\"https:\\\/\\\/ioviaggioinmoto.com\\\/#\\\/schema\\\/person\\\/5c5128d636b18a7e9a3f4a1e0c625cbe\"},\"potentialAction\":[{\"@type\":\"SearchAction\",\"target\":{\"@type\":\"EntryPoint\",\"urlTemplate\":\"https:\\\/\\\/ioviaggioinmoto.com\\\/?s={search_term_string}\"},\"query-input\":{\"@type\":\"PropertyValueSpecification\",\"valueRequired\":true,\"valueName\":\"search_term_string\"}}],\"inLanguage\":\"it-IT\"},{\"@type\":[\"Person\",\"Organization\"],\"@id\":\"https:\\\/\\\/ioviaggioinmoto.com\\\/#\\\/schema\\\/person\\\/5c5128d636b18a7e9a3f4a1e0c625cbe\",\"name\":\"boriklorenzo94@gmail.com\",\"image\":{\"@type\":\"ImageObject\",\"inLanguage\":\"it-IT\",\"@id\":\"https:\\\/\\\/ioviaggioinmoto.com\\\/wp-content\\\/uploads\\\/2019\\\/11\\\/cropped-IMG_20191125_204315-1-1.jpg\",\"url\":\"https:\\\/\\\/ioviaggioinmoto.com\\\/wp-content\\\/uploads\\\/2019\\\/11\\\/cropped-IMG_20191125_204315-1-1.jpg\",\"contentUrl\":\"https:\\\/\\\/ioviaggioinmoto.com\\\/wp-content\\\/uploads\\\/2019\\\/11\\\/cropped-IMG_20191125_204315-1-1.jpg\",\"width\":771,\"height\":336,\"caption\":\"boriklorenzo94@gmail.com\"},\"logo\":{\"@id\":\"https:\\\/\\\/ioviaggioinmoto.com\\\/wp-content\\\/uploads\\\/2019\\\/11\\\/cropped-IMG_20191125_204315-1-1.jpg\"},\"sameAs\":[\"@boriz_94\"]}]}<\/script>\n<!-- \/ Yoast SEO plugin. -->","yoast_head_json":{"title":"Le strade del Prosecco - Io Viaggio In Moto","description":"Questo itinerario ci porta alla scoperta del Veneto, percorrendo le strade del Prosecco , su e gi\u00f9 per le colline tra Valdobbiadene e Conegliano.","robots":{"index":"index","follow":"follow","max-snippet":"max-snippet:-1","max-image-preview":"max-image-preview:large","max-video-preview":"max-video-preview:-1"},"canonical":"https:\/\/ioviaggioinmoto.com\/index.php\/2020\/04\/14\/le-strade-del-prosecco\/","og_locale":"it_IT","og_type":"article","og_title":"Le strade del Prosecco - Io Viaggio In Moto","og_description":"Questo itinerario ci porta alla scoperta del Veneto, percorrendo le strade del Prosecco , su e gi\u00f9 per le colline tra Valdobbiadene e Conegliano.","og_url":"https:\/\/ioviaggioinmoto.com\/index.php\/2020\/04\/14\/le-strade-del-prosecco\/","og_site_name":"Io Viaggio In Moto","article_published_time":"2020-04-14T20:03:38+00:00","article_modified_time":"2020-12-27T09:54:12+00:00","og_image":[{"width":2560,"height":968,"url":"https:\/\/ioviaggioinmoto.com\/wp-content\/uploads\/2020\/04\/IMG_0988-scaled.jpg","type":"image\/jpeg"}],"author":"boriklorenzo94@gmail.com","twitter_card":"summary_large_image","twitter_misc":{"Scritto da":"boriklorenzo94@gmail.com","Tempo di lettura stimato":"2 minuti"},"schema":{"@context":"https:\/\/schema.org","@graph":[{"@type":"Article","@id":"https:\/\/ioviaggioinmoto.com\/index.php\/2020\/04\/14\/le-strade-del-prosecco\/#article","isPartOf":{"@id":"https:\/\/ioviaggioinmoto.com\/index.php\/2020\/04\/14\/le-strade-del-prosecco\/"},"author":{"name":"boriklorenzo94@gmail.com","@id":"https:\/\/ioviaggioinmoto.com\/#\/schema\/person\/5c5128d636b18a7e9a3f4a1e0c625cbe"},"headline":"Le strade del Prosecco","datePublished":"2020-04-14T20:03:38+00:00","dateModified":"2020-12-27T09:54:12+00:00","mainEntityOfPage":{"@id":"https:\/\/ioviaggioinmoto.com\/index.php\/2020\/04\/14\/le-strade-del-prosecco\/"},"wordCount":379,"publisher":{"@id":"https:\/\/ioviaggioinmoto.com\/#\/schema\/person\/5c5128d636b18a7e9a3f4a1e0c625cbe"},"image":{"@id":"https:\/\/ioviaggioinmoto.com\/index.php\/2020\/04\/14\/le-strade-del-prosecco\/#primaryimage"},"thumbnailUrl":"https:\/\/ioviaggioinmoto.com\/wp-content\/uploads\/2020\/04\/IMG_0988-scaled.jpg","articleSection":["Itinerari"],"inLanguage":"it-IT"},{"@type":"WebPage","@id":"https:\/\/ioviaggioinmoto.com\/index.php\/2020\/04\/14\/le-strade-del-prosecco\/","url":"https:\/\/ioviaggioinmoto.com\/index.php\/2020\/04\/14\/le-strade-del-prosecco\/","name":"Le strade del Prosecco - Io Viaggio In Moto","isPartOf":{"@id":"https:\/\/ioviaggioinmoto.com\/#website"},"primaryImageOfPage":{"@id":"https:\/\/ioviaggioinmoto.com\/index.php\/2020\/04\/14\/le-strade-del-prosecco\/#primaryimage"},"image":{"@id":"https:\/\/ioviaggioinmoto.com\/index.php\/2020\/04\/14\/le-strade-del-prosecco\/#primaryimage"},"thumbnailUrl":"https:\/\/ioviaggioinmoto.com\/wp-content\/uploads\/2020\/04\/IMG_0988-scaled.jpg","datePublished":"2020-04-14T20:03:38+00:00","dateModified":"2020-12-27T09:54:12+00:00","description":"Questo itinerario ci porta alla scoperta del Veneto, percorrendo le strade del Prosecco , su e gi\u00f9 per le colline tra Valdobbiadene e Conegliano.","breadcrumb":{"@id":"https:\/\/ioviaggioinmoto.com\/index.php\/2020\/04\/14\/le-strade-del-prosecco\/#breadcrumb"},"inLanguage":"it-IT","potentialAction":[{"@type":"ReadAction","target":["https:\/\/ioviaggioinmoto.com\/index.php\/2020\/04\/14\/le-strade-del-prosecco\/"]}]},{"@type":"ImageObject","inLanguage":"it-IT","@id":"https:\/\/ioviaggioinmoto.com\/index.php\/2020\/04\/14\/le-strade-del-prosecco\/#primaryimage","url":"https:\/\/ioviaggioinmoto.com\/wp-content\/uploads\/2020\/04\/IMG_0988-scaled.jpg","contentUrl":"https:\/\/ioviaggioinmoto.com\/wp-content\/uploads\/2020\/04\/IMG_0988-scaled.jpg","width":2560,"height":968},{"@type":"BreadcrumbList","@id":"https:\/\/ioviaggioinmoto.com\/index.php\/2020\/04\/14\/le-strade-del-prosecco\/#breadcrumb","itemListElement":[{"@type":"ListItem","position":1,"name":"Home","item":"https:\/\/ioviaggioinmoto.com\/"},{"@type":"ListItem","position":2,"name":"Le strade del Prosecco"}]},{"@type":"WebSite","@id":"https:\/\/ioviaggioinmoto.com\/#website","url":"https:\/\/ioviaggioinmoto.com\/","name":"Io Viaggio In Moto","description":"La vita \u00e8 un viaggio e chi viaggia vive due volte","publisher":{"@id":"https:\/\/ioviaggioinmoto.com\/#\/schema\/person\/5c5128d636b18a7e9a3f4a1e0c625cbe"},"potentialAction":[{"@type":"SearchAction","target":{"@type":"EntryPoint","urlTemplate":"https:\/\/ioviaggioinmoto.com\/?s={search_term_string}"},"query-input":{"@type":"PropertyValueSpecification","valueRequired":true,"valueName":"search_term_string"}}],"inLanguage":"it-IT"},{"@type":["Person","Organization"],"@id":"https:\/\/ioviaggioinmoto.com\/#\/schema\/person\/5c5128d636b18a7e9a3f4a1e0c625cbe","name":"boriklorenzo94@gmail.com","image":{"@type":"ImageObject","inLanguage":"it-IT","@id":"https:\/\/ioviaggioinmoto.com\/wp-content\/uploads\/2019\/11\/cropped-IMG_20191125_204315-1-1.jpg","url":"https:\/\/ioviaggioinmoto.com\/wp-content\/uploads\/2019\/11\/cropped-IMG_20191125_204315-1-1.jpg","contentUrl":"https:\/\/ioviaggioinmoto.com\/wp-content\/uploads\/2019\/11\/cropped-IMG_20191125_204315-1-1.jpg","width":771,"height":336,"caption":"boriklorenzo94@gmail.com"},"logo":{"@id":"https:\/\/ioviaggioinmoto.com\/wp-content\/uploads\/2019\/11\/cropped-IMG_20191125_204315-1-1.jpg"},"sameAs":["@boriz_94"]}]}},"jetpack_publicize_connections":[],"jetpack_featured_media_url":"https:\/\/ioviaggioinmoto.com\/wp-content\/uploads\/2020\/04\/IMG_0988-scaled.jpg","jetpack_sharing_enabled":true,"_links":{"self":[{"href":"https:\/\/ioviaggioinmoto.com\/index.php\/wp-json\/wp\/v2\/posts\/2299","targetHints":{"allow":["GET"]}}],"collection":[{"href":"https:\/\/ioviaggioinmoto.com\/index.php\/wp-json\/wp\/v2\/posts"}],"about":[{"href":"https:\/\/ioviaggioinmoto.com\/index.php\/wp-json\/wp\/v2\/types\/post"}],"author":[{"embeddable":true,"href":"https:\/\/ioviaggioinmoto.com\/index.php\/wp-json\/wp\/v2\/users\/1"}],"replies":[{"embeddable":true,"href":"https:\/\/ioviaggioinmoto.com\/index.php\/wp-json\/wp\/v2\/comments?post=2299"}],"version-history":[{"count":10,"href":"https:\/\/ioviaggioinmoto.com\/index.php\/wp-json\/wp\/v2\/posts\/2299\/revisions"}],"predecessor-version":[{"id":2317,"href":"https:\/\/ioviaggioinmoto.com\/index.php\/wp-json\/wp\/v2\/posts\/2299\/revisions\/2317"}],"wp:featuredmedia":[{"embeddable":true,"href":"https:\/\/ioviaggioinmoto.com\/index.php\/wp-json\/wp\/v2\/media\/2300"}],"wp:attachment":[{"href":"https:\/\/ioviaggioinmoto.com\/index.php\/wp-json\/wp\/v2\/media?parent=2299"}],"wp:term":[{"taxonomy":"category","embeddable":true,"href":"https:\/\/ioviaggioinmoto.com\/index.php\/wp-json\/wp\/v2\/categories?post=2299"},{"taxonomy":"post_tag","embeddable":true,"href":"https:\/\/ioviaggioinmoto.com\/index.php\/wp-json\/wp\/v2\/tags?post=2299"}],"curies":[{"name":"wp","href":"https:\/\/api.w.org\/{rel}","templated":true}]}}