{"id":2002,"date":"2020-03-05T07:00:19","date_gmt":"2020-03-05T07:00:19","guid":{"rendered":"http:\/\/ioviaggioinmoto.com\/?p=2002"},"modified":"2020-12-20T14:06:23","modified_gmt":"2020-12-20T14:06:23","slug":"i-4-passi","status":"publish","type":"post","link":"https:\/\/ioviaggioinmoto.com\/index.php\/2020\/03\/05\/i-4-passi\/","title":{"rendered":"I 4 Passi: un percorso nel cuore delle Dolomiti"},"content":{"rendered":"\n<figure class=\"wp-block-image size-large\"><img decoding=\"async\" src=\"data:image\/gif;base64,R0lGODlhAQABAIAAAAAAAP\/\/\/yH5BAEAAAAALAAAAAABAAEAAAIBRAA7\" data-src=\"https:\/\/ioviaggioinmoto.com\/wp-content\/uploads\/2019\/12\/IMG_20190609_120704-1024x768.jpg\" alt=\"\" class=\"wp-image-2003 lazyload\"\/><noscript><img fetchpriority=\"high\" decoding=\"async\" width=\"1024\" height=\"768\" src=\"https:\/\/ioviaggioinmoto.com\/wp-content\/uploads\/2019\/12\/IMG_20190609_120704-1024x768.jpg\" alt=\"\" class=\"wp-image-2003 lazyload\" srcset=\"https:\/\/ioviaggioinmoto.com\/wp-content\/uploads\/2019\/12\/IMG_20190609_120704-1024x768.jpg 1024w, https:\/\/ioviaggioinmoto.com\/wp-content\/uploads\/2019\/12\/IMG_20190609_120704-300x225.jpg 300w, https:\/\/ioviaggioinmoto.com\/wp-content\/uploads\/2019\/12\/IMG_20190609_120704-768x576.jpg 768w, https:\/\/ioviaggioinmoto.com\/wp-content\/uploads\/2019\/12\/IMG_20190609_120704-1536x1152.jpg 1536w, https:\/\/ioviaggioinmoto.com\/wp-content\/uploads\/2019\/12\/IMG_20190609_120704-2048x1536.jpg 2048w\" sizes=\"(max-width: 1024px) 100vw, 1024px\" \/><\/noscript><figcaption>9 Giugno 2019 Passo Gardena<\/figcaption><\/figure>\n\n\n\n<p>L&#8217;itinerario dei 4 Passi \u00e8 uno dei pi\u00f9 belli delle Dolomiti, si sviluppa tutto attorno al gruppo del Sella, dove la cima pi\u00f9 alta \u00e8 il Piz Boe (3152mt). La sua bellezza \u00e8 data dall&#8217;impeccabile manto stradale contornato da paesaggi unici.<br>I protagonisti di questo tour sono: Passo Campolongo, Passo Gardena, Passo Sella e Passo Pordoi.<\/p>\n\n\n\n<h2 class=\"wp-block-heading\">PASSO CAMPOLONGO<\/h2>\n\n\n\n<p>Con i suoi 1875 metri di altezza, questo valico collega Arabba a Corvara in Badia. Sembra di venir trasportati in un&#8217;altra realt\u00e0, mi ricorda un po&#8217; una strada americana. Ad accoglierci troviamo un cartello in legno che ci d\u00e0 il benvenuto<br> in Alta Badia in pieno stile USA. <\/p>\n\n\n\n<h2 class=\"wp-block-heading\">PASSO GARDENA<\/h2>\n\n\n\n<p>Continuiamo a salire fino a quota 2136 metri per trovarci dentro ad uno dei paesaggi pi\u00f9 belli del gruppo Sella.<br>Il percorso \u00e8 un misto di curve e tornanti, molto amato dai motociclisti con una guida pi\u00f9 sportiva. Si ha l&#8217;impressione di essere in pista, ma dobbiamo pur sempre ricordare di star percorrendo una strada.<\/p>\n\n\n\n<h2 class=\"wp-block-heading\">PASSO SELLA<\/h2>\n\n\n\n<p>Da Selva val Gardena raggiungiamo il Sellajoch, questo il nome in tedesco, a 2240 metri di altitudine. Posto fra il gruppo del Sassolongo e il gruppo del Sella, molto visitato dai motociclisti. <\/p>\n\n\n\n<h2 class=\"wp-block-heading\">PASSO PORDOI <\/h2>\n\n\n\n<p>Conteso tra Trento e Belluno, questo passo \u00e8 posto tra il Marmolada e il gruppo del Sella. 2239 metri \u00e8 l&#8217;altezza che possiamo raggiungere su due ruote, mentre la funivia adiacente ci porta a 3152 metri, vicini alla vetta del Piz Boe.<\/p>\n\n\n\n<h2 class=\"wp-block-heading\">CONCLUSIONI<\/h2>\n\n\n\n<iframe class=\"lazyload\" data-src=\"https:\/\/www.google.com\/maps\/embed?pb=!1m52!1m12!1m3!1d43928.241473213406!2d11.787173155703467!3d46.51770822008213!2m3!1f0!2f0!3f0!3m2!1i1024!2i768!4f13.1!4m37!3e0!4m5!1s0x477840bf7fe10291%3A0xf0ca2ead5b73f431!2s32020%20Arabba%20BL!3m2!1d46.497167!2d11.8737721!4m5!1s0x47783f62b80b8cd5%3A0xabdf86e9752dbd4d!2sPasso%20Campolongo%2C%2032020%20Livinallongo%20del%20col%20di%20lana%20BL!3m2!1d46.5092778!2d11.8767221!4m5!1s0x47781565cba253b9%3A0xcc38e293b7108587!2sPasso%20Gardena%2C%20Corvara%20in%20Badia%2C%20BZ!3m2!1d46.55!2d11.809444!4m5!1s0x47786ae834380c45%3A0x1d0709882e83eb90!2sPasso%20Sella%2C%2039048%20Selva%20di%20Val%20Gardena%20BZ!3m2!1d46.509175!2d11.758276799999999!4m5!1s0x47784034812c38d1%3A0x1d0709882e83eb80!2sPasso%20Pordoi%2C%2038032%20Canazei%20TN!3m2!1d46.4888128!2d11.8117568!4m5!1s0x477840bf7fe10291%3A0xf0ca2ead5b73f431!2sArabba%2C%2032020%20BL!3m2!1d46.497167!2d11.8737721!5e0!3m2!1sit!2sit!4v1576616762489!5m2!1sit!2sit\" width=\"600\" height=\"450\" frameborder=\"0\" style=\"border:0;\" allowfullscreen=\"\"><\/iframe>\n\n\n\n<p>Personalmente preferisco compiere l&#8217;itinerario in senso antiorario, nello stesso ordine in cui l&#8217;ho descritto.                                                                                                                              Quello dei 4 Passi non \u00e8 un semplice itinerario, ma un&#8217;esperienza da vivere a pieno in sella alla propria moto. Vi lascio con alcune foto, potete trovarle anche sulla mia pagina Instagram: <strong><a href=\"https:\/\/www.instagram.com\/boriz_94\/\">@boriz_94<\/a><\/strong><\/p>\n\n\n\n<div class=\"wp-block-jetpack-slideshow alignfull\" data-effect=\"slide\"><div class=\"wp-block-jetpack-slideshow_container swiper-container\"><ul class=\"wp-block-jetpack-slideshow_swiper-wrapper swiper-wrapper\"><li class=\"wp-block-jetpack-slideshow_slide swiper-slide\"><figure><img decoding=\"async\" alt=\"\" class=\"wp-block-jetpack-slideshow_image wp-image-2004 lazyload\" data-id=\"2004\" src=\"data:image\/gif;base64,R0lGODlhAQABAIAAAAAAAP\/\/\/yH5BAEAAAAALAAAAAABAAEAAAIBRAA7\" data-src=\"http:\/\/ioviaggioinmoto.com\/wp-content\/uploads\/2019\/12\/IMG_20190609_113538-scaled.jpg\"\/><noscript><img decoding=\"async\" width=\"2560\" height=\"1920\" alt=\"\" class=\"wp-block-jetpack-slideshow_image wp-image-2004 lazyload\" data-id=\"2004\" src=\"http:\/\/ioviaggioinmoto.com\/wp-content\/uploads\/2019\/12\/IMG_20190609_113538-scaled.jpg\" srcset=\"https:\/\/ioviaggioinmoto.com\/wp-content\/uploads\/2019\/12\/IMG_20190609_113538-scaled.jpg 2560w, https:\/\/ioviaggioinmoto.com\/wp-content\/uploads\/2019\/12\/IMG_20190609_113538-300x225.jpg 300w, https:\/\/ioviaggioinmoto.com\/wp-content\/uploads\/2019\/12\/IMG_20190609_113538-1024x768.jpg 1024w, https:\/\/ioviaggioinmoto.com\/wp-content\/uploads\/2019\/12\/IMG_20190609_113538-768x576.jpg 768w, https:\/\/ioviaggioinmoto.com\/wp-content\/uploads\/2019\/12\/IMG_20190609_113538-1536x1152.jpg 1536w, https:\/\/ioviaggioinmoto.com\/wp-content\/uploads\/2019\/12\/IMG_20190609_113538-2048x1536.jpg 2048w\" sizes=\"(max-width: 2560px) 100vw, 2560px\" \/><\/noscript><figcaption class=\"wp-block-jetpack-slideshow_caption gallery-caption\">Passo Campolongo<\/figcaption><\/figure><\/li><li class=\"wp-block-jetpack-slideshow_slide swiper-slide\"><figure><img decoding=\"async\" alt=\"\" class=\"wp-block-jetpack-slideshow_image wp-image-2005 lazyload\" data-id=\"2005\" src=\"data:image\/gif;base64,R0lGODlhAQABAIAAAAAAAP\/\/\/yH5BAEAAAAALAAAAAABAAEAAAIBRAA7\" data-src=\"http:\/\/ioviaggioinmoto.com\/wp-content\/uploads\/2019\/12\/IMG_20190609_120627-scaled.jpg\"\/><noscript><img decoding=\"async\" width=\"2560\" height=\"1920\" alt=\"\" class=\"wp-block-jetpack-slideshow_image wp-image-2005 lazyload\" data-id=\"2005\" src=\"http:\/\/ioviaggioinmoto.com\/wp-content\/uploads\/2019\/12\/IMG_20190609_120627-scaled.jpg\" srcset=\"https:\/\/ioviaggioinmoto.com\/wp-content\/uploads\/2019\/12\/IMG_20190609_120627-scaled.jpg 2560w, https:\/\/ioviaggioinmoto.com\/wp-content\/uploads\/2019\/12\/IMG_20190609_120627-300x225.jpg 300w, https:\/\/ioviaggioinmoto.com\/wp-content\/uploads\/2019\/12\/IMG_20190609_120627-1024x768.jpg 1024w, https:\/\/ioviaggioinmoto.com\/wp-content\/uploads\/2019\/12\/IMG_20190609_120627-768x576.jpg 768w, https:\/\/ioviaggioinmoto.com\/wp-content\/uploads\/2019\/12\/IMG_20190609_120627-1536x1152.jpg 1536w, https:\/\/ioviaggioinmoto.com\/wp-content\/uploads\/2019\/12\/IMG_20190609_120627-2048x1536.jpg 2048w\" sizes=\"(max-width: 2560px) 100vw, 2560px\" \/><\/noscript><figcaption class=\"wp-block-jetpack-slideshow_caption gallery-caption\">Passo Gardena<\/figcaption><\/figure><\/li><li class=\"wp-block-jetpack-slideshow_slide swiper-slide\"><figure><img decoding=\"async\" alt=\"\" class=\"wp-block-jetpack-slideshow_image wp-image-2006 lazyload\" data-id=\"2006\" src=\"data:image\/gif;base64,R0lGODlhAQABAIAAAAAAAP\/\/\/yH5BAEAAAAALAAAAAABAAEAAAIBRAA7\" data-src=\"http:\/\/ioviaggioinmoto.com\/wp-content\/uploads\/2019\/12\/IMG_20190609_124843-scaled.jpg\"\/><noscript><img loading=\"lazy\" decoding=\"async\" width=\"2560\" height=\"1920\" alt=\"\" class=\"wp-block-jetpack-slideshow_image wp-image-2006 lazyload\" data-id=\"2006\" src=\"http:\/\/ioviaggioinmoto.com\/wp-content\/uploads\/2019\/12\/IMG_20190609_124843-scaled.jpg\" srcset=\"https:\/\/ioviaggioinmoto.com\/wp-content\/uploads\/2019\/12\/IMG_20190609_124843-scaled.jpg 2560w, https:\/\/ioviaggioinmoto.com\/wp-content\/uploads\/2019\/12\/IMG_20190609_124843-300x225.jpg 300w, https:\/\/ioviaggioinmoto.com\/wp-content\/uploads\/2019\/12\/IMG_20190609_124843-1024x768.jpg 1024w, https:\/\/ioviaggioinmoto.com\/wp-content\/uploads\/2019\/12\/IMG_20190609_124843-768x576.jpg 768w, https:\/\/ioviaggioinmoto.com\/wp-content\/uploads\/2019\/12\/IMG_20190609_124843-1536x1152.jpg 1536w, https:\/\/ioviaggioinmoto.com\/wp-content\/uploads\/2019\/12\/IMG_20190609_124843-2048x1536.jpg 2048w\" sizes=\"(max-width: 2560px) 100vw, 2560px\" \/><\/noscript><figcaption class=\"wp-block-jetpack-slideshow_caption gallery-caption\">Passo Sella<\/figcaption><\/figure><\/li><li class=\"wp-block-jetpack-slideshow_slide swiper-slide\"><figure><img decoding=\"async\" alt=\"\" class=\"wp-block-jetpack-slideshow_image wp-image-2007 lazyload\" data-id=\"2007\" src=\"data:image\/gif;base64,R0lGODlhAQABAIAAAAAAAP\/\/\/yH5BAEAAAAALAAAAAABAAEAAAIBRAA7\" data-src=\"http:\/\/ioviaggioinmoto.com\/wp-content\/uploads\/2019\/12\/IMG_20190609_135427-scaled.jpg\"\/><noscript><img loading=\"lazy\" decoding=\"async\" width=\"2560\" height=\"1920\" alt=\"\" class=\"wp-block-jetpack-slideshow_image wp-image-2007 lazyload\" data-id=\"2007\" src=\"http:\/\/ioviaggioinmoto.com\/wp-content\/uploads\/2019\/12\/IMG_20190609_135427-scaled.jpg\" srcset=\"https:\/\/ioviaggioinmoto.com\/wp-content\/uploads\/2019\/12\/IMG_20190609_135427-scaled.jpg 2560w, https:\/\/ioviaggioinmoto.com\/wp-content\/uploads\/2019\/12\/IMG_20190609_135427-300x225.jpg 300w, https:\/\/ioviaggioinmoto.com\/wp-content\/uploads\/2019\/12\/IMG_20190609_135427-1024x768.jpg 1024w, https:\/\/ioviaggioinmoto.com\/wp-content\/uploads\/2019\/12\/IMG_20190609_135427-768x576.jpg 768w, https:\/\/ioviaggioinmoto.com\/wp-content\/uploads\/2019\/12\/IMG_20190609_135427-1536x1152.jpg 1536w, https:\/\/ioviaggioinmoto.com\/wp-content\/uploads\/2019\/12\/IMG_20190609_135427-2048x1536.jpg 2048w\" sizes=\"(max-width: 2560px) 100vw, 2560px\" \/><\/noscript><figcaption class=\"wp-block-jetpack-slideshow_caption gallery-caption\">Passo Pordoi<\/figcaption><\/figure><\/li><\/ul><a class=\"wp-block-jetpack-slideshow_button-prev swiper-button-prev swiper-button-white\" role=\"button\"><\/a><a class=\"wp-block-jetpack-slideshow_button-next swiper-button-next swiper-button-white\" role=\"button\"><\/a><a aria-label=\"Pause Slideshow\" class=\"wp-block-jetpack-slideshow_button-pause\" role=\"button\"><\/a><div class=\"wp-block-jetpack-slideshow_pagination swiper-pagination swiper-pagination-white\"><\/div><\/div><\/div>\n\n\n\n<p> P.S. Essendo alta montagna fate attenzione al meteo!<\/p>\n\n\n\n<p><\/p>\n","protected":false},"excerpt":{"rendered":"<p>L&#8217;itinerario dei 4 Passi \u00e8 uno dei pi\u00f9 belli delle Dolomiti, si sviluppa tutto attorno al gruppo del Sella, dove la cima pi\u00f9 alta \u00e8 il Piz Boe (3152mt). La [&hellip;]<\/p>\n","protected":false},"author":1,"featured_media":2003,"comment_status":"closed","ping_status":"open","sticky":false,"template":"","format":"standard","meta":{"_monsterinsights_skip_tracking":false,"_monsterinsights_sitenote_active":false,"_monsterinsights_sitenote_note":"","_monsterinsights_sitenote_category":0,"ocean_post_layout":"","ocean_both_sidebars_style":"","ocean_both_sidebars_content_width":0,"ocean_both_sidebars_sidebars_width":0,"ocean_sidebar":"0","ocean_second_sidebar":"0","ocean_disable_margins":"enable","ocean_add_body_class":"","ocean_shortcode_before_top_bar":"","ocean_shortcode_after_top_bar":"","ocean_shortcode_before_header":"","ocean_shortcode_after_header":"","ocean_has_shortcode":"","ocean_shortcode_after_title":"","ocean_shortcode_before_footer_widgets":"","ocean_shortcode_after_footer_widgets":"","ocean_shortcode_before_footer_bottom":"","ocean_shortcode_after_footer_bottom":"","ocean_display_top_bar":"default","ocean_display_header":"default","ocean_header_style":"","ocean_center_header_left_menu":"0","ocean_custom_header_template":"0","ocean_custom_logo":0,"ocean_custom_retina_logo":0,"ocean_custom_logo_max_width":0,"ocean_custom_logo_tablet_max_width":0,"ocean_custom_logo_mobile_max_width":0,"ocean_custom_logo_max_height":0,"ocean_custom_logo_tablet_max_height":0,"ocean_custom_logo_mobile_max_height":0,"ocean_header_custom_menu":"0","ocean_menu_typo_font_family":"0","ocean_menu_typo_font_subset":"","ocean_menu_typo_font_size":0,"ocean_menu_typo_font_size_tablet":0,"ocean_menu_typo_font_size_mobile":0,"ocean_menu_typo_font_size_unit":"px","ocean_menu_typo_font_weight":"","ocean_menu_typo_font_weight_tablet":"","ocean_menu_typo_font_weight_mobile":"","ocean_menu_typo_transform":"","ocean_menu_typo_transform_tablet":"","ocean_menu_typo_transform_mobile":"","ocean_menu_typo_line_height":0,"ocean_menu_typo_line_height_tablet":0,"ocean_menu_typo_line_height_mobile":0,"ocean_menu_typo_line_height_unit":"","ocean_menu_typo_spacing":0,"ocean_menu_typo_spacing_tablet":0,"ocean_menu_typo_spacing_mobile":0,"ocean_menu_typo_spacing_unit":"","ocean_menu_link_color":"","ocean_menu_link_color_hover":"","ocean_menu_link_color_active":"","ocean_menu_link_background":"","ocean_menu_link_hover_background":"","ocean_menu_link_active_background":"","ocean_menu_social_links_bg":"","ocean_menu_social_hover_links_bg":"","ocean_menu_social_links_color":"","ocean_menu_social_hover_links_color":"","ocean_disable_title":"default","ocean_disable_heading":"default","ocean_post_title":"","ocean_post_subheading":"","ocean_post_title_style":"","ocean_post_title_background_color":"","ocean_post_title_background":0,"ocean_post_title_bg_image_position":"","ocean_post_title_bg_image_attachment":"","ocean_post_title_bg_image_repeat":"","ocean_post_title_bg_image_size":"","ocean_post_title_height":0,"ocean_post_title_bg_overlay":0.5,"ocean_post_title_bg_overlay_color":"","ocean_disable_breadcrumbs":"default","ocean_breadcrumbs_color":"","ocean_breadcrumbs_separator_color":"","ocean_breadcrumbs_links_color":"","ocean_breadcrumbs_links_hover_color":"","ocean_display_footer_widgets":"default","ocean_display_footer_bottom":"default","ocean_custom_footer_template":"0","_jetpack_memberships_contains_paid_content":false,"ocean_post_oembed":"","ocean_post_self_hosted_media":"","ocean_post_video_embed":"","ocean_link_format":"","ocean_link_format_target":"self","ocean_quote_format":"","ocean_quote_format_link":"post","ocean_gallery_link_images":"off","ocean_gallery_id":[],"footnotes":"","jetpack_publicize_message":"","jetpack_publicize_feature_enabled":true,"jetpack_social_post_already_shared":false,"jetpack_social_options":{"image_generator_settings":{"template":"highway","default_image_id":0,"font":"","enabled":false},"version":2}},"categories":[21],"tags":[26,19,30,27,29,28,31,18],"class_list":["post-2002","post","type-post","status-publish","format-standard","has-post-thumbnail","hentry","category-itinerari","tag-4-passi","tag-mototurismo","tag-passo-compolongo","tag-passo-gardena","tag-passo-pordoi","tag-passo-sella","tag-trentino","tag-veneto","entry","has-media"],"yoast_head":"<!-- This site is optimized with the Yoast SEO plugin v27.5 - https:\/\/yoast.com\/product\/yoast-seo-wordpress\/ -->\n<title>I 4 Passi: un percorso nel cuore delle Dolomiti - Io Viaggio In Moto<\/title>\n<meta name=\"description\" content=\"L&#039;itinerario dei 4 Passi \u00e8 uno dei pi\u00f9 belli delle Dolomiti, si sviluppa tutto attorno al gruppo del Sella, dove la cima pi\u00f9 alta \u00e8 il Piz Boe. Pronti?\" \/>\n<meta name=\"robots\" content=\"index, follow, max-snippet:-1, max-image-preview:large, max-video-preview:-1\" \/>\n<link rel=\"canonical\" href=\"https:\/\/ioviaggioinmoto.com\/index.php\/2020\/03\/05\/i-4-passi\/\" \/>\n<meta property=\"og:locale\" content=\"it_IT\" \/>\n<meta property=\"og:type\" content=\"article\" \/>\n<meta property=\"og:title\" content=\"I 4 Passi: un percorso nel cuore delle Dolomiti - Io Viaggio In Moto\" \/>\n<meta property=\"og:description\" content=\"L&#039;itinerario dei 4 Passi \u00e8 uno dei pi\u00f9 belli delle Dolomiti, si sviluppa tutto attorno al gruppo del Sella, dove la cima pi\u00f9 alta \u00e8 il Piz Boe. Pronti?\" \/>\n<meta property=\"og:url\" content=\"https:\/\/ioviaggioinmoto.com\/index.php\/2020\/03\/05\/i-4-passi\/\" \/>\n<meta property=\"og:site_name\" content=\"Io Viaggio In Moto\" \/>\n<meta property=\"article:published_time\" content=\"2020-03-05T07:00:19+00:00\" \/>\n<meta property=\"article:modified_time\" content=\"2020-12-20T14:06:23+00:00\" \/>\n<meta property=\"og:image\" content=\"https:\/\/ioviaggioinmoto.com\/wp-content\/uploads\/2019\/12\/IMG_20190609_120704-scaled.jpg\" \/>\n\t<meta property=\"og:image:width\" content=\"2560\" \/>\n\t<meta property=\"og:image:height\" content=\"1920\" \/>\n\t<meta property=\"og:image:type\" content=\"image\/jpeg\" \/>\n<meta name=\"author\" content=\"boriklorenzo94@gmail.com\" \/>\n<meta name=\"twitter:card\" content=\"summary_large_image\" \/>\n<meta name=\"twitter:label1\" content=\"Scritto da\" \/>\n\t<meta name=\"twitter:data1\" content=\"boriklorenzo94@gmail.com\" \/>\n\t<meta name=\"twitter:label2\" content=\"Tempo di lettura stimato\" \/>\n\t<meta name=\"twitter:data2\" content=\"1 minuto\" \/>\n<script type=\"application\/ld+json\" class=\"yoast-schema-graph\">{\"@context\":\"https:\\\/\\\/schema.org\",\"@graph\":[{\"@type\":\"Article\",\"@id\":\"https:\\\/\\\/ioviaggioinmoto.com\\\/index.php\\\/2020\\\/03\\\/05\\\/i-4-passi\\\/#article\",\"isPartOf\":{\"@id\":\"https:\\\/\\\/ioviaggioinmoto.com\\\/index.php\\\/2020\\\/03\\\/05\\\/i-4-passi\\\/\"},\"author\":{\"name\":\"boriklorenzo94@gmail.com\",\"@id\":\"https:\\\/\\\/ioviaggioinmoto.com\\\/#\\\/schema\\\/person\\\/5c5128d636b18a7e9a3f4a1e0c625cbe\"},\"headline\":\"I 4 Passi: un percorso nel cuore delle Dolomiti\",\"datePublished\":\"2020-03-05T07:00:19+00:00\",\"dateModified\":\"2020-12-20T14:06:23+00:00\",\"mainEntityOfPage\":{\"@id\":\"https:\\\/\\\/ioviaggioinmoto.com\\\/index.php\\\/2020\\\/03\\\/05\\\/i-4-passi\\\/\"},\"wordCount\":303,\"publisher\":{\"@id\":\"https:\\\/\\\/ioviaggioinmoto.com\\\/#\\\/schema\\\/person\\\/5c5128d636b18a7e9a3f4a1e0c625cbe\"},\"image\":{\"@id\":\"https:\\\/\\\/ioviaggioinmoto.com\\\/index.php\\\/2020\\\/03\\\/05\\\/i-4-passi\\\/#primaryimage\"},\"thumbnailUrl\":\"https:\\\/\\\/ioviaggioinmoto.com\\\/wp-content\\\/uploads\\\/2019\\\/12\\\/IMG_20190609_120704-scaled.jpg\",\"keywords\":[\"4 Passi\",\"mototurismo\",\"Passo Compolongo\",\"Passo Gardena\",\"Passo Pordoi\",\"Passo Sella\",\"Trentino\",\"veneto\"],\"articleSection\":[\"Itinerari\"],\"inLanguage\":\"it-IT\"},{\"@type\":\"WebPage\",\"@id\":\"https:\\\/\\\/ioviaggioinmoto.com\\\/index.php\\\/2020\\\/03\\\/05\\\/i-4-passi\\\/\",\"url\":\"https:\\\/\\\/ioviaggioinmoto.com\\\/index.php\\\/2020\\\/03\\\/05\\\/i-4-passi\\\/\",\"name\":\"I 4 Passi: un percorso nel cuore delle Dolomiti - Io Viaggio In Moto\",\"isPartOf\":{\"@id\":\"https:\\\/\\\/ioviaggioinmoto.com\\\/#website\"},\"primaryImageOfPage\":{\"@id\":\"https:\\\/\\\/ioviaggioinmoto.com\\\/index.php\\\/2020\\\/03\\\/05\\\/i-4-passi\\\/#primaryimage\"},\"image\":{\"@id\":\"https:\\\/\\\/ioviaggioinmoto.com\\\/index.php\\\/2020\\\/03\\\/05\\\/i-4-passi\\\/#primaryimage\"},\"thumbnailUrl\":\"https:\\\/\\\/ioviaggioinmoto.com\\\/wp-content\\\/uploads\\\/2019\\\/12\\\/IMG_20190609_120704-scaled.jpg\",\"datePublished\":\"2020-03-05T07:00:19+00:00\",\"dateModified\":\"2020-12-20T14:06:23+00:00\",\"description\":\"L'itinerario dei 4 Passi \u00e8 uno dei pi\u00f9 belli delle Dolomiti, si sviluppa tutto attorno al gruppo del Sella, dove la cima pi\u00f9 alta \u00e8 il Piz Boe. Pronti?\",\"breadcrumb\":{\"@id\":\"https:\\\/\\\/ioviaggioinmoto.com\\\/index.php\\\/2020\\\/03\\\/05\\\/i-4-passi\\\/#breadcrumb\"},\"inLanguage\":\"it-IT\",\"potentialAction\":[{\"@type\":\"ReadAction\",\"target\":[\"https:\\\/\\\/ioviaggioinmoto.com\\\/index.php\\\/2020\\\/03\\\/05\\\/i-4-passi\\\/\"]}]},{\"@type\":\"ImageObject\",\"inLanguage\":\"it-IT\",\"@id\":\"https:\\\/\\\/ioviaggioinmoto.com\\\/index.php\\\/2020\\\/03\\\/05\\\/i-4-passi\\\/#primaryimage\",\"url\":\"https:\\\/\\\/ioviaggioinmoto.com\\\/wp-content\\\/uploads\\\/2019\\\/12\\\/IMG_20190609_120704-scaled.jpg\",\"contentUrl\":\"https:\\\/\\\/ioviaggioinmoto.com\\\/wp-content\\\/uploads\\\/2019\\\/12\\\/IMG_20190609_120704-scaled.jpg\",\"width\":2560,\"height\":1920},{\"@type\":\"BreadcrumbList\",\"@id\":\"https:\\\/\\\/ioviaggioinmoto.com\\\/index.php\\\/2020\\\/03\\\/05\\\/i-4-passi\\\/#breadcrumb\",\"itemListElement\":[{\"@type\":\"ListItem\",\"position\":1,\"name\":\"Home\",\"item\":\"https:\\\/\\\/ioviaggioinmoto.com\\\/\"},{\"@type\":\"ListItem\",\"position\":2,\"name\":\"I 4 Passi: un percorso nel cuore delle Dolomiti\"}]},{\"@type\":\"WebSite\",\"@id\":\"https:\\\/\\\/ioviaggioinmoto.com\\\/#website\",\"url\":\"https:\\\/\\\/ioviaggioinmoto.com\\\/\",\"name\":\"Io Viaggio In Moto\",\"description\":\"La vita \u00e8 un viaggio e chi viaggia vive due volte\",\"publisher\":{\"@id\":\"https:\\\/\\\/ioviaggioinmoto.com\\\/#\\\/schema\\\/person\\\/5c5128d636b18a7e9a3f4a1e0c625cbe\"},\"potentialAction\":[{\"@type\":\"SearchAction\",\"target\":{\"@type\":\"EntryPoint\",\"urlTemplate\":\"https:\\\/\\\/ioviaggioinmoto.com\\\/?s={search_term_string}\"},\"query-input\":{\"@type\":\"PropertyValueSpecification\",\"valueRequired\":true,\"valueName\":\"search_term_string\"}}],\"inLanguage\":\"it-IT\"},{\"@type\":[\"Person\",\"Organization\"],\"@id\":\"https:\\\/\\\/ioviaggioinmoto.com\\\/#\\\/schema\\\/person\\\/5c5128d636b18a7e9a3f4a1e0c625cbe\",\"name\":\"boriklorenzo94@gmail.com\",\"image\":{\"@type\":\"ImageObject\",\"inLanguage\":\"it-IT\",\"@id\":\"https:\\\/\\\/ioviaggioinmoto.com\\\/wp-content\\\/uploads\\\/2019\\\/11\\\/cropped-IMG_20191125_204315-1-1.jpg\",\"url\":\"https:\\\/\\\/ioviaggioinmoto.com\\\/wp-content\\\/uploads\\\/2019\\\/11\\\/cropped-IMG_20191125_204315-1-1.jpg\",\"contentUrl\":\"https:\\\/\\\/ioviaggioinmoto.com\\\/wp-content\\\/uploads\\\/2019\\\/11\\\/cropped-IMG_20191125_204315-1-1.jpg\",\"width\":771,\"height\":336,\"caption\":\"boriklorenzo94@gmail.com\"},\"logo\":{\"@id\":\"https:\\\/\\\/ioviaggioinmoto.com\\\/wp-content\\\/uploads\\\/2019\\\/11\\\/cropped-IMG_20191125_204315-1-1.jpg\"},\"sameAs\":[\"@boriz_94\"]}]}<\/script>\n<!-- \/ Yoast SEO plugin. -->","yoast_head_json":{"title":"I 4 Passi: un percorso nel cuore delle Dolomiti - Io Viaggio In Moto","description":"L'itinerario dei 4 Passi \u00e8 uno dei pi\u00f9 belli delle Dolomiti, si sviluppa tutto attorno al gruppo del Sella, dove la cima pi\u00f9 alta \u00e8 il Piz Boe. Pronti?","robots":{"index":"index","follow":"follow","max-snippet":"max-snippet:-1","max-image-preview":"max-image-preview:large","max-video-preview":"max-video-preview:-1"},"canonical":"https:\/\/ioviaggioinmoto.com\/index.php\/2020\/03\/05\/i-4-passi\/","og_locale":"it_IT","og_type":"article","og_title":"I 4 Passi: un percorso nel cuore delle Dolomiti - Io Viaggio In Moto","og_description":"L'itinerario dei 4 Passi \u00e8 uno dei pi\u00f9 belli delle Dolomiti, si sviluppa tutto attorno al gruppo del Sella, dove la cima pi\u00f9 alta \u00e8 il Piz Boe. Pronti?","og_url":"https:\/\/ioviaggioinmoto.com\/index.php\/2020\/03\/05\/i-4-passi\/","og_site_name":"Io Viaggio In Moto","article_published_time":"2020-03-05T07:00:19+00:00","article_modified_time":"2020-12-20T14:06:23+00:00","og_image":[{"width":2560,"height":1920,"url":"https:\/\/ioviaggioinmoto.com\/wp-content\/uploads\/2019\/12\/IMG_20190609_120704-scaled.jpg","type":"image\/jpeg"}],"author":"boriklorenzo94@gmail.com","twitter_card":"summary_large_image","twitter_misc":{"Scritto da":"boriklorenzo94@gmail.com","Tempo di lettura stimato":"1 minuto"},"schema":{"@context":"https:\/\/schema.org","@graph":[{"@type":"Article","@id":"https:\/\/ioviaggioinmoto.com\/index.php\/2020\/03\/05\/i-4-passi\/#article","isPartOf":{"@id":"https:\/\/ioviaggioinmoto.com\/index.php\/2020\/03\/05\/i-4-passi\/"},"author":{"name":"boriklorenzo94@gmail.com","@id":"https:\/\/ioviaggioinmoto.com\/#\/schema\/person\/5c5128d636b18a7e9a3f4a1e0c625cbe"},"headline":"I 4 Passi: un percorso nel cuore delle Dolomiti","datePublished":"2020-03-05T07:00:19+00:00","dateModified":"2020-12-20T14:06:23+00:00","mainEntityOfPage":{"@id":"https:\/\/ioviaggioinmoto.com\/index.php\/2020\/03\/05\/i-4-passi\/"},"wordCount":303,"publisher":{"@id":"https:\/\/ioviaggioinmoto.com\/#\/schema\/person\/5c5128d636b18a7e9a3f4a1e0c625cbe"},"image":{"@id":"https:\/\/ioviaggioinmoto.com\/index.php\/2020\/03\/05\/i-4-passi\/#primaryimage"},"thumbnailUrl":"https:\/\/ioviaggioinmoto.com\/wp-content\/uploads\/2019\/12\/IMG_20190609_120704-scaled.jpg","keywords":["4 Passi","mototurismo","Passo Compolongo","Passo Gardena","Passo Pordoi","Passo Sella","Trentino","veneto"],"articleSection":["Itinerari"],"inLanguage":"it-IT"},{"@type":"WebPage","@id":"https:\/\/ioviaggioinmoto.com\/index.php\/2020\/03\/05\/i-4-passi\/","url":"https:\/\/ioviaggioinmoto.com\/index.php\/2020\/03\/05\/i-4-passi\/","name":"I 4 Passi: un percorso nel cuore delle Dolomiti - Io Viaggio In Moto","isPartOf":{"@id":"https:\/\/ioviaggioinmoto.com\/#website"},"primaryImageOfPage":{"@id":"https:\/\/ioviaggioinmoto.com\/index.php\/2020\/03\/05\/i-4-passi\/#primaryimage"},"image":{"@id":"https:\/\/ioviaggioinmoto.com\/index.php\/2020\/03\/05\/i-4-passi\/#primaryimage"},"thumbnailUrl":"https:\/\/ioviaggioinmoto.com\/wp-content\/uploads\/2019\/12\/IMG_20190609_120704-scaled.jpg","datePublished":"2020-03-05T07:00:19+00:00","dateModified":"2020-12-20T14:06:23+00:00","description":"L'itinerario dei 4 Passi \u00e8 uno dei pi\u00f9 belli delle Dolomiti, si sviluppa tutto attorno al gruppo del Sella, dove la cima pi\u00f9 alta \u00e8 il Piz Boe. Pronti?","breadcrumb":{"@id":"https:\/\/ioviaggioinmoto.com\/index.php\/2020\/03\/05\/i-4-passi\/#breadcrumb"},"inLanguage":"it-IT","potentialAction":[{"@type":"ReadAction","target":["https:\/\/ioviaggioinmoto.com\/index.php\/2020\/03\/05\/i-4-passi\/"]}]},{"@type":"ImageObject","inLanguage":"it-IT","@id":"https:\/\/ioviaggioinmoto.com\/index.php\/2020\/03\/05\/i-4-passi\/#primaryimage","url":"https:\/\/ioviaggioinmoto.com\/wp-content\/uploads\/2019\/12\/IMG_20190609_120704-scaled.jpg","contentUrl":"https:\/\/ioviaggioinmoto.com\/wp-content\/uploads\/2019\/12\/IMG_20190609_120704-scaled.jpg","width":2560,"height":1920},{"@type":"BreadcrumbList","@id":"https:\/\/ioviaggioinmoto.com\/index.php\/2020\/03\/05\/i-4-passi\/#breadcrumb","itemListElement":[{"@type":"ListItem","position":1,"name":"Home","item":"https:\/\/ioviaggioinmoto.com\/"},{"@type":"ListItem","position":2,"name":"I 4 Passi: un percorso nel cuore delle Dolomiti"}]},{"@type":"WebSite","@id":"https:\/\/ioviaggioinmoto.com\/#website","url":"https:\/\/ioviaggioinmoto.com\/","name":"Io Viaggio In Moto","description":"La vita \u00e8 un viaggio e chi viaggia vive due volte","publisher":{"@id":"https:\/\/ioviaggioinmoto.com\/#\/schema\/person\/5c5128d636b18a7e9a3f4a1e0c625cbe"},"potentialAction":[{"@type":"SearchAction","target":{"@type":"EntryPoint","urlTemplate":"https:\/\/ioviaggioinmoto.com\/?s={search_term_string}"},"query-input":{"@type":"PropertyValueSpecification","valueRequired":true,"valueName":"search_term_string"}}],"inLanguage":"it-IT"},{"@type":["Person","Organization"],"@id":"https:\/\/ioviaggioinmoto.com\/#\/schema\/person\/5c5128d636b18a7e9a3f4a1e0c625cbe","name":"boriklorenzo94@gmail.com","image":{"@type":"ImageObject","inLanguage":"it-IT","@id":"https:\/\/ioviaggioinmoto.com\/wp-content\/uploads\/2019\/11\/cropped-IMG_20191125_204315-1-1.jpg","url":"https:\/\/ioviaggioinmoto.com\/wp-content\/uploads\/2019\/11\/cropped-IMG_20191125_204315-1-1.jpg","contentUrl":"https:\/\/ioviaggioinmoto.com\/wp-content\/uploads\/2019\/11\/cropped-IMG_20191125_204315-1-1.jpg","width":771,"height":336,"caption":"boriklorenzo94@gmail.com"},"logo":{"@id":"https:\/\/ioviaggioinmoto.com\/wp-content\/uploads\/2019\/11\/cropped-IMG_20191125_204315-1-1.jpg"},"sameAs":["@boriz_94"]}]}},"jetpack_publicize_connections":[],"jetpack_featured_media_url":"https:\/\/ioviaggioinmoto.com\/wp-content\/uploads\/2019\/12\/IMG_20190609_120704-scaled.jpg","jetpack_sharing_enabled":true,"_links":{"self":[{"href":"https:\/\/ioviaggioinmoto.com\/index.php\/wp-json\/wp\/v2\/posts\/2002","targetHints":{"allow":["GET"]}}],"collection":[{"href":"https:\/\/ioviaggioinmoto.com\/index.php\/wp-json\/wp\/v2\/posts"}],"about":[{"href":"https:\/\/ioviaggioinmoto.com\/index.php\/wp-json\/wp\/v2\/types\/post"}],"author":[{"embeddable":true,"href":"https:\/\/ioviaggioinmoto.com\/index.php\/wp-json\/wp\/v2\/users\/1"}],"replies":[{"embeddable":true,"href":"https:\/\/ioviaggioinmoto.com\/index.php\/wp-json\/wp\/v2\/comments?post=2002"}],"version-history":[{"count":5,"href":"https:\/\/ioviaggioinmoto.com\/index.php\/wp-json\/wp\/v2\/posts\/2002\/revisions"}],"predecessor-version":[{"id":2146,"href":"https:\/\/ioviaggioinmoto.com\/index.php\/wp-json\/wp\/v2\/posts\/2002\/revisions\/2146"}],"wp:featuredmedia":[{"embeddable":true,"href":"https:\/\/ioviaggioinmoto.com\/index.php\/wp-json\/wp\/v2\/media\/2003"}],"wp:attachment":[{"href":"https:\/\/ioviaggioinmoto.com\/index.php\/wp-json\/wp\/v2\/media?parent=2002"}],"wp:term":[{"taxonomy":"category","embeddable":true,"href":"https:\/\/ioviaggioinmoto.com\/index.php\/wp-json\/wp\/v2\/categories?post=2002"},{"taxonomy":"post_tag","embeddable":true,"href":"https:\/\/ioviaggioinmoto.com\/index.php\/wp-json\/wp\/v2\/tags?post=2002"}],"curies":[{"name":"wp","href":"https:\/\/api.w.org\/{rel}","templated":true}]}}